{"id":1061,"date":"2013-12-13T09:48:01","date_gmt":"2013-12-13T08:48:01","guid":{"rendered":"http:\/\/www.agustinbarahona.com\/blog\/?p=1061"},"modified":"2014-03-09T21:00:47","modified_gmt":"2014-03-09T20:00:47","slug":"convoquemos-referendums-es-nuestro-derecho-y-obligacion-en-este-momento-historico","status":"publish","type":"post","link":"https:\/\/www.agustinbarahona.com\/blog\/convoquemos-referendums-es-nuestro-derecho-y-obligacion-en-este-momento-historico\/","title":{"rendered":"Convoquemos refer\u00e9ndums: es nuestro derecho y obligaci\u00f3n en este momento hist\u00f3rico"},"content":{"rendered":"<p>\u00bfQu\u00e9 ocurrir\u00eda si los ineptos que est\u00e1n ocupando los puestos que deber\u00edan estar ocupados por pol\u00edticos &#8211;no me refiero ahora, sino siempre&#8211; para dar val\u00eda a la presunta soberan\u00eda del ciudadano convocaran a refer\u00e9ndum todo aquello que fuera m\u00ednimamente importante o lesivo para los intereses de los ciudadanos y que no hubiera aparecido expl\u00edcito del mismo modo en el programa electoral del partido gobernante? El panorama espa\u00f1ol &#8211;y de cualquier otro pa\u00eds&#8211; cambiar\u00eda sensiblemente.<\/p>\n<p>Si a los plazos f\u00e1cticos se le suman los plazos legales, la convocatoria de cada refer\u00e9ndum puede demorarse no m\u00e1s de tres meses &#8211;se podr\u00eda hacer en mucho menos si se quisiera, pero tenemos uno de los sistemas de Administraci\u00f3n m\u00e1s calculada y artificialmente lentos y disuasorios del mundo, otra cosa que habr\u00eda que reparar con urgencia, porque lo que podr\u00eda haber justificado que fuera as\u00ed ya no es justificable hace tiempo debido a la inform\u00e1tica y la internet&#8211;. Con el voto y los procedimientos administrativos gestionados por internet los plazos se reducir\u00edan y facilitar\u00edan considerablemente y no se necesitar\u00edan circunscripciones provinciales.<\/p>\n<p>V\u00e9ase la Ley Org\u00e1nica 2\/1980 que regula las distintas modalidades de refer\u00e9ndum <a href=\"http:\/\/www.facebook.com\/l.php?u=http%3A%2F%2Fwww.infoelectoral.mir.es%2FNormativa%2Fnormativa_es_detail_procede_2.html&amp;h=UAQH96N6z&amp;enc=AZO_0_TH0NYCTXnvuTd7AsTgu_J0LjDnfFMhORgWGgIg1G2ax0Ef0DtiOxvTZ0SGVX6z3HpNHa8KTb9STHKzNUd-zp_fG7VZruJ20ijxpyrsDWHvSm3cR14ZDDo3KCWltcSnLIfSmsd1n1DHzW26qXe6&amp;s=1\" target=\"_blank\" rel=\"nofollow nofollow\">http:\/\/www.infoelectoral.mir.es\/Normativa\/normativa_es_detail_procede_2.html<\/a> Este art\u00edculo de Don Joan Oliver Araujo, \u00abEl Refer\u00e9ndum en el sistema constitucional espa\u00f1ol\u00bb es muy aleccionador en multitud de aspectos y recomiendo su consulta: <a href=\"http:\/\/www.facebook.com\/l.php?u=http%3A%2F%2Fwww.raco.cat%2Findex.php%2FCuadernosDerecho%2Farticle%2FviewFile%2F175397%2F254626&amp;h=lAQHC1RWl&amp;enc=AZNsLY_JsGqBm1Vtchi3JbxodQFncSL8lzsbIuOiXOS4w5rlJgPuRR9bgPaCWsgEjMoYws6Kc7ZIVGxo0sNN-gqcpSdqq0-VSrsuqfoA7LsJeZ3zY0X29at6ksckL9BmOJY3AW1GS3PliqhpxO8wDCqY&amp;s=1\" target=\"_blank\" rel=\"nofollow nofollow\">www.raco.cat\/index.php\/CuadernosDerecho\/article\/viewFile\/175397\/254626<\/a>Nos est\u00e1n ninguneando \u00absoberanamente\u00bb y a conciencia. Todo esto es obvio que es un gran enga\u00f1o.\u00a1Solicitemos refer\u00e9ndum!<\/p>\n<p><img loading=\"lazy\" decoding=\"async\" alt=\"Foto: CONVOQUEMOS REFER\u00c9NDUMS: ES NUESTRO DERECHO Y OBLIGACI\u00d3N EN ESTE MOMENTO HIST\u00d3RICO: \u00bfQu\u00e9 ocurrir\u00eda si los ineptos que est\u00e1n ocupando los puestos que deber\u00edan estar ocupados por pol\u00edticos --no me refiero ahora, sino siempre-- para dar val\u00eda a la presunta soberan\u00eda del ciudadano convocaran a refer\u00e9ndum todo aquello que fuera m\u00ednimamente importante o lesivo para los intereses de los ciudadanos y que no hubiera aparecido expl\u00edcito del mismo modo en el programa electoral del partido gobernante? El panorama espa\u00f1ol --y de cualquier otro pa\u00eds-- cambiar\u00eda sensiblemente.&lt;\/p&gt;&lt;br \/&gt; &lt;p&gt;Si a los plazos f\u00e1cticos se le suman los plazos legales, la convocatoria de cada refer\u00e9ndum puede demorarse no m\u00e1s de tres meses --se podr\u00eda hacer en mucho menos si se quisiera, pero tenemos uno de los sistemas de Administraci\u00f3n m\u00e1s calculada y artificialmente lentos y disuasorios del mundo, otra cosa que habr\u00eda que reparar con urgencia, porque lo que podr\u00eda haber justificado que fuera as\u00ed ya no es justificable hace tiempo debido a la inform\u00e1tica y la internet--. Con el voto y los procedimientos administrativos gestionados por internet los plazos se reducir\u00edan y facilitar\u00edan considerablemente y no se necesitar\u00edan circunscripciones provinciales.&lt;\/p&gt;&lt;br \/&gt; &lt;p&gt;V\u00e9ase la Ley Org\u00e1nica 2\/1980 que regula las distintas modalidades de refer\u00e9ndum http:\/\/www.infoelectoral.mir.es\/Normativa\/normativa_es_detail_procede_2.html Este art\u00edculo de Don Joan Oliver Araujo, \u00abEl Refer\u00e9ndum en el sistema constitucional espa\u00f1ol\u00bb es muy aleccionador en multitud de aspectos y recomiendo su consulta: www.raco.cat\/index.php\/CuadernosDerecho\/article\/viewFile\/175397\/254626&lt;\/p&gt;&lt;br \/&gt; &lt;p&gt;Nos est\u00e1n ninguneando \u00absoberanamente\u00bb y a conciencia. Todo esto es obvio que es un gran enga\u00f1o.&lt;\/p&gt;&lt;br \/&gt; &lt;p&gt;\u00a1Solicitemos refer\u00e9ndum!\" src=\"https:\/\/fbcdn-sphotos-b-a.akamaihd.net\/hphotos-ak-frc3\/t1\/376844_4278087281248_1799860356_n.jpg\" width=\"416\" height=\"484\" \/><\/p>\n","protected":false},"excerpt":{"rendered":"<p>\u00bfQu\u00e9 ocurrir\u00eda si los ineptos que est\u00e1n ocupando los puestos que deber\u00edan estar ocupados por pol\u00edticos &#8211;no me refiero ahora, sino siempre&#8211; para dar val\u00eda a la presunta soberan\u00eda del ciudadano convocaran a refer\u00e9ndum todo aquello que fuera m\u00ednimamente importante o lesivo para los intereses de los ciudadanos y que no hubiera aparecido expl\u00edcito del [&hellip;]<\/p>\n","protected":false},"author":1,"featured_media":0,"comment_status":"open","ping_status":"open","sticky":false,"template":"","format":"standard","meta":{"_monsterinsights_skip_tracking":false,"_monsterinsights_sitenote_active":false,"_monsterinsights_sitenote_note":"","_monsterinsights_sitenote_category":0,"_jetpack_memberships_contains_paid_content":false,"footnotes":""},"categories":[8],"tags":[32,42,33],"class_list":["post-1061","post","type-post","status-publish","format-standard","hentry","category-reflexiones","tag-justicia","tag-politica","tag-sistema"],"aioseo_notices":[],"jetpack_featured_media_url":"","jetpack_sharing_enabled":true,"_links":{"self":[{"href":"https:\/\/www.agustinbarahona.com\/blog\/wp-json\/wp\/v2\/posts\/1061","targetHints":{"allow":["GET"]}}],"collection":[{"href":"https:\/\/www.agustinbarahona.com\/blog\/wp-json\/wp\/v2\/posts"}],"about":[{"href":"https:\/\/www.agustinbarahona.com\/blog\/wp-json\/wp\/v2\/types\/post"}],"author":[{"embeddable":true,"href":"https:\/\/www.agustinbarahona.com\/blog\/wp-json\/wp\/v2\/users\/1"}],"replies":[{"embeddable":true,"href":"https:\/\/www.agustinbarahona.com\/blog\/wp-json\/wp\/v2\/comments?post=1061"}],"version-history":[{"count":5,"href":"https:\/\/www.agustinbarahona.com\/blog\/wp-json\/wp\/v2\/posts\/1061\/revisions"}],"predecessor-version":[{"id":1066,"href":"https:\/\/www.agustinbarahona.com\/blog\/wp-json\/wp\/v2\/posts\/1061\/revisions\/1066"}],"wp:attachment":[{"href":"https:\/\/www.agustinbarahona.com\/blog\/wp-json\/wp\/v2\/media?parent=1061"}],"wp:term":[{"taxonomy":"category","embeddable":true,"href":"https:\/\/www.agustinbarahona.com\/blog\/wp-json\/wp\/v2\/categories?post=1061"},{"taxonomy":"post_tag","embeddable":true,"href":"https:\/\/www.agustinbarahona.com\/blog\/wp-json\/wp\/v2\/tags?post=1061"}],"curies":[{"name":"wp","href":"https:\/\/api.w.org\/{rel}","templated":true}]}}