{"id":1092,"date":"2014-03-11T12:57:40","date_gmt":"2014-03-11T11:57:40","guid":{"rendered":"http:\/\/www.agustinbarahona.com\/blog\/?p=1092"},"modified":"2014-03-11T12:57:40","modified_gmt":"2014-03-11T11:57:40","slug":"panico-en-pp-psoe-e-iu-por-los-podemos-de-pablo-iglesias-la-vox-de-ortega-lara-e-infarto-por-elpidio-silva","status":"publish","type":"post","link":"https:\/\/www.agustinbarahona.com\/blog\/panico-en-pp-psoe-e-iu-por-los-podemos-de-pablo-iglesias-la-vox-de-ortega-lara-e-infarto-por-elpidio-silva\/","title":{"rendered":"P\u00e1nico en PP, PSOE e IU por los \u201cPodemos\u201d de Pablo Iglesias, la \u201cVox\u201d de Ortega Lara e \u201dinfarto\u201d por Elpidio Silva"},"content":{"rendered":"<p>P\u00e1nico en PP, PSOE e IU por los \u201cPodemos\u201d de Pablo Iglesias, la \u201cVox\u201d de Ortega Lara e \u201dinfarto\u201d por Elpidio Silva<\/p>\n<p><strong>Los pol\u00edticos tiemblan con la mera posibilidad de ver a Elpidio Silva como candidato con Revilla<\/strong><\/p>\n<p>\u201cP\u00e1nico\u201d, \u201cdesconcierto\u201d, \u201ctemor\u201d, \u201cmiedo\u201d\u2026 La mayor\u00eda de los diputados de PP, PSOE e IU consultados sobre la irrupci\u00f3n electoral de las dos nuevas candidaturas electorales para el 25-M no pueden disimular su asombro y describe con esas palabras lo que est\u00e1 ocurriendo en el interior de sus formaciones pol\u00edticas. Lo expresan en voz baja, en el sal\u00f3n de los Pasos Perdidos, en los pasillos de la M-30, en las cafeter\u00edas del Congreso y del Senado apurando hasta las heces los \u201cgin tonics\u201d subvencionados a 3,45 euros\u2026 \u201cNo cre\u00edamos que fueran capaces de hacerlo\u2026 pero lo han hecho\u201d, expresa un parlamentario con&#8230; (contin\u00faa en el art\u00edculo)<br \/>\n<img loading=\"lazy\" decoding=\"async\" class=\"size-medium wp-image-5171\" alt=\"Los pol\u00edticos tiemblan con la mera posibilidad de ver a Elpidio Silva como candidato con Revilla\" src=\"http:\/\/www.espiaenelcongreso.com\/wp-content\/uploads\/2014\/01\/46496foto-300x173.jpg\" width=\"300\" height=\"173\" \/><\/p>\n<p>v\u00eda <a href=\"http:\/\/www.espiaenelcongreso.com\/2014\/01\/22\/panico-en-pp-psoe-e-iu-por-la-candidatura-de-podemos-de-pablo-iglesias-vox-de-ortega-lara-e-infarto-por-elpidio-silva\/\">P\u00e1nico en PP, PSOE e IU por los \u201cPodemos\u201d de Pablo Iglesias, la \u201cVox\u201d de Ortega Lara e \u201dinfarto\u201d por Elpidio Silva &#8211; Un esp\u00eda en el congreso<\/a>.<\/p>\n","protected":false},"excerpt":{"rendered":"<p>P\u00e1nico en PP, PSOE e IU por los \u201cPodemos\u201d de Pablo Iglesias, la \u201cVox\u201d de Ortega Lara e \u201dinfarto\u201d por Elpidio Silva Los pol\u00edticos tiemblan con la mera posibilidad de ver a Elpidio Silva como candidato con Revilla \u201cP\u00e1nico\u201d, \u201cdesconcierto\u201d, \u201ctemor\u201d, \u201cmiedo\u201d\u2026 La mayor\u00eda de los diputados de PP, PSOE e IU consultados sobre la [&hellip;]<\/p>\n","protected":false},"author":1,"featured_media":0,"comment_status":"open","ping_status":"open","sticky":false,"template":"","format":"standard","meta":{"_monsterinsights_skip_tracking":false,"_monsterinsights_sitenote_active":false,"_monsterinsights_sitenote_note":"","_monsterinsights_sitenote_category":0,"_jetpack_memberships_contains_paid_content":false,"footnotes":""},"categories":[1],"tags":[32,42,33],"class_list":["post-1092","post","type-post","status-publish","format-standard","hentry","category-general","tag-justicia","tag-politica","tag-sistema"],"aioseo_notices":[],"jetpack_featured_media_url":"","jetpack_sharing_enabled":true,"_links":{"self":[{"href":"https:\/\/www.agustinbarahona.com\/blog\/wp-json\/wp\/v2\/posts\/1092","targetHints":{"allow":["GET"]}}],"collection":[{"href":"https:\/\/www.agustinbarahona.com\/blog\/wp-json\/wp\/v2\/posts"}],"about":[{"href":"https:\/\/www.agustinbarahona.com\/blog\/wp-json\/wp\/v2\/types\/post"}],"author":[{"embeddable":true,"href":"https:\/\/www.agustinbarahona.com\/blog\/wp-json\/wp\/v2\/users\/1"}],"replies":[{"embeddable":true,"href":"https:\/\/www.agustinbarahona.com\/blog\/wp-json\/wp\/v2\/comments?post=1092"}],"version-history":[{"count":1,"href":"https:\/\/www.agustinbarahona.com\/blog\/wp-json\/wp\/v2\/posts\/1092\/revisions"}],"predecessor-version":[{"id":1093,"href":"https:\/\/www.agustinbarahona.com\/blog\/wp-json\/wp\/v2\/posts\/1092\/revisions\/1093"}],"wp:attachment":[{"href":"https:\/\/www.agustinbarahona.com\/blog\/wp-json\/wp\/v2\/media?parent=1092"}],"wp:term":[{"taxonomy":"category","embeddable":true,"href":"https:\/\/www.agustinbarahona.com\/blog\/wp-json\/wp\/v2\/categories?post=1092"},{"taxonomy":"post_tag","embeddable":true,"href":"https:\/\/www.agustinbarahona.com\/blog\/wp-json\/wp\/v2\/tags?post=1092"}],"curies":[{"name":"wp","href":"https:\/\/api.w.org\/{rel}","templated":true}]}}