{"id":1100,"date":"2014-03-12T10:29:06","date_gmt":"2014-03-12T09:29:06","guid":{"rendered":"http:\/\/www.agustinbarahona.com\/blog\/?p=1100"},"modified":"2014-03-12T10:29:06","modified_gmt":"2014-03-12T09:29:06","slug":"cargas-policiales-fuego-en-las-calles-encierro-en-el-parlamento-y-despesperacion-de-los-marineros-del-cerco-gallegos","status":"publish","type":"post","link":"https:\/\/www.agustinbarahona.com\/blog\/cargas-policiales-fuego-en-las-calles-encierro-en-el-parlamento-y-despesperacion-de-los-marineros-del-cerco-gallegos\/","title":{"rendered":"Cargas policiales, fuego en las calles, encierro en el Parlamento y despesperaci\u00f3n de los marineros del cerco gallegos"},"content":{"rendered":"<p>Cargas policiales, fuego en las calles, encierro en el Parlamento y despesperaci\u00f3n de los marineros del cerco gallegos<\/p>\n<p>Numerosos agentes y manifestantes heridos \/\/ Tres detenidos fueron puestos en libertad con cargos \/\/ Los pescadores aseguran que \u00ablos suyos pasan hambre\u00bb y piden un reparto \u00abjusto\u00bb de las cuotas de caballa y jurel.<\/p>\n<p>La protesta de la flota del cerco en Santiago, precedida de altercados en A Coru\u00f1a y Vigo en los \u00faltimos meses, se preve\u00eda caldeada y as\u00ed ha sido. Una carga policial en las inmediaciones del Parlamento de Galicia que los manifestantes tildan de \u00abdesproporcionada\u00bb, barricadas y lanzamiento de piedras y botellas, ocho agentes heridos y numerosos marineros con magulladuras, uno de ellos en el hospital con la cabeza abierta y tres detenidos son parte del saldo de m\u00e1s de diez horas de movilizaci\u00f3n en la capital gallega.<\/p>\n<p>La manifestaci\u00f3n, en defensa de un reparto \u00abjusto\u00bb de las cuotas de jurel y caballa -por tripulante, en vez de en base a las capturas hist\u00f3ricas, criterio que beneficia a Pa\u00eds Vasco y Cantabria&#8211;, arranc\u00f3 a las 11,00 horas de la Praza do Obradoiro secundada por unas 1.500 personas, incluido el centenar venido desde Asturias.<\/p>\n<p>Entre gritos de dimisi\u00f3n al ministro Ca\u00f1ete y la conselleira Quintana, sali\u00f3 del mismo escenario que este lunes acogi\u00f3 la encomienda de este segmento de flota al Ap\u00f3stol. \u00abLos pol\u00edticos no nos dan pescado, el Ap\u00f3stol es al \u00fanico que nos podemos agarrar\u00bb, dec\u00edan entonces. &#8230; (Contin\u00faa en el art\u00edculo)<\/p>\n<p>v\u00eda <a href=\"http:\/\/www.elcorreogallego.es\/galicia\/ecg\/marineros-cerco-enfrentan-policia-santiago-encierran-parlamento-porque-pasan-hambre\/idEdicion-2014-03-11\/idNoticia-857274\/?_escaped_fragment_=kalooga-11100%2F%7E%2522a%2520coru%25C3%25B1a%2522%2520%7E%2522Santiago%2520de%2520Compostela%2522%255E0.75%2520%7Esantiago%255E0.56%2520%7E%2522Alberto%2520N%25C3%25BA%25C3%25B1ez%2520Feij%25C3%25B3o%2522%255E0.42%2520%7EAsturias%255E0.32\">Cargas policiales, fuego en las calles, encierro en el Parlamento y despesperaci\u00f3n de los marineros del cerco gallegos<\/a>.<\/p>\n","protected":false},"excerpt":{"rendered":"<p>Cargas policiales, fuego en las calles, encierro en el Parlamento y despesperaci\u00f3n de los marineros del cerco gallegos Numerosos agentes y manifestantes heridos \/\/ Tres detenidos fueron puestos en libertad con cargos \/\/ Los pescadores aseguran que \u00ablos suyos pasan hambre\u00bb y piden un reparto \u00abjusto\u00bb de las cuotas de caballa y jurel. La protesta [&hellip;]<\/p>\n","protected":false},"author":1,"featured_media":0,"comment_status":"open","ping_status":"open","sticky":false,"template":"","format":"standard","meta":{"_monsterinsights_skip_tracking":false,"_monsterinsights_sitenote_active":false,"_monsterinsights_sitenote_note":"","_monsterinsights_sitenote_category":0,"_jetpack_memberships_contains_paid_content":false,"footnotes":""},"categories":[1],"tags":[32,42,33],"class_list":["post-1100","post","type-post","status-publish","format-standard","hentry","category-general","tag-justicia","tag-politica","tag-sistema"],"aioseo_notices":[],"jetpack_featured_media_url":"","jetpack_sharing_enabled":true,"_links":{"self":[{"href":"https:\/\/www.agustinbarahona.com\/blog\/wp-json\/wp\/v2\/posts\/1100","targetHints":{"allow":["GET"]}}],"collection":[{"href":"https:\/\/www.agustinbarahona.com\/blog\/wp-json\/wp\/v2\/posts"}],"about":[{"href":"https:\/\/www.agustinbarahona.com\/blog\/wp-json\/wp\/v2\/types\/post"}],"author":[{"embeddable":true,"href":"https:\/\/www.agustinbarahona.com\/blog\/wp-json\/wp\/v2\/users\/1"}],"replies":[{"embeddable":true,"href":"https:\/\/www.agustinbarahona.com\/blog\/wp-json\/wp\/v2\/comments?post=1100"}],"version-history":[{"count":1,"href":"https:\/\/www.agustinbarahona.com\/blog\/wp-json\/wp\/v2\/posts\/1100\/revisions"}],"predecessor-version":[{"id":1101,"href":"https:\/\/www.agustinbarahona.com\/blog\/wp-json\/wp\/v2\/posts\/1100\/revisions\/1101"}],"wp:attachment":[{"href":"https:\/\/www.agustinbarahona.com\/blog\/wp-json\/wp\/v2\/media?parent=1100"}],"wp:term":[{"taxonomy":"category","embeddable":true,"href":"https:\/\/www.agustinbarahona.com\/blog\/wp-json\/wp\/v2\/categories?post=1100"},{"taxonomy":"post_tag","embeddable":true,"href":"https:\/\/www.agustinbarahona.com\/blog\/wp-json\/wp\/v2\/tags?post=1100"}],"curies":[{"name":"wp","href":"https:\/\/api.w.org\/{rel}","templated":true}]}}