{"id":1127,"date":"2014-03-13T21:47:03","date_gmt":"2014-03-13T20:47:03","guid":{"rendered":"http:\/\/www.agustinbarahona.com\/blog\/?p=1127"},"modified":"2014-03-13T21:47:03","modified_gmt":"2014-03-13T20:47:03","slug":"las-normas-autonomicas-permiten-la-desigualdad-e-injusticia-desde-siempre","status":"publish","type":"post","link":"https:\/\/www.agustinbarahona.com\/blog\/las-normas-autonomicas-permiten-la-desigualdad-e-injusticia-desde-siempre\/","title":{"rendered":"Las normas auton\u00f3micas permiten la desigualdad e injusticia desde siempre"},"content":{"rendered":"<div style=\"background-color: #ebf; padding: 25px; margin: -7px;\">\u00abNo entiendo de qu\u00e9 se escandalizan algunos post-l\u00edticos [sic]: la posibilidad de que cada autonom\u00eda regional en Espa\u00f1a pueda poner normas distintas porque tenga competencias para ello genera la posibilidad de agravio comparativo, desigualdades lesivas para derechos fundamentales y, en suma, injusticia manifiesta y totalmente predecible por la norma general que permite estos abusos\u00bb [Agust\u00edn Barahona]<\/div>\n","protected":false},"excerpt":{"rendered":"<p>\u00abNo entiendo de qu\u00e9 se escandalizan algunos post-l\u00edticos [sic]: la posibilidad de que cada autonom\u00eda regional en Espa\u00f1a pueda poner normas distintas porque tenga competencias para ello genera la posibilidad de agravio comparativo, desigualdades lesivas para derechos fundamentales y, en suma, injusticia manifiesta y totalmente predecible por la norma general que permite estos abusos\u00bb [Agust\u00edn [&hellip;]<\/p>\n","protected":false},"author":1,"featured_media":0,"comment_status":"open","ping_status":"open","sticky":false,"template":"","format":"standard","meta":{"_monsterinsights_skip_tracking":false,"_monsterinsights_sitenote_active":false,"_monsterinsights_sitenote_note":"","_monsterinsights_sitenote_category":0,"_jetpack_memberships_contains_paid_content":false,"footnotes":""},"categories":[1,8],"tags":[32,42,33],"class_list":["post-1127","post","type-post","status-publish","format-standard","hentry","category-general","category-reflexiones","tag-justicia","tag-politica","tag-sistema"],"aioseo_notices":[],"jetpack_featured_media_url":"","jetpack_sharing_enabled":true,"_links":{"self":[{"href":"https:\/\/www.agustinbarahona.com\/blog\/wp-json\/wp\/v2\/posts\/1127","targetHints":{"allow":["GET"]}}],"collection":[{"href":"https:\/\/www.agustinbarahona.com\/blog\/wp-json\/wp\/v2\/posts"}],"about":[{"href":"https:\/\/www.agustinbarahona.com\/blog\/wp-json\/wp\/v2\/types\/post"}],"author":[{"embeddable":true,"href":"https:\/\/www.agustinbarahona.com\/blog\/wp-json\/wp\/v2\/users\/1"}],"replies":[{"embeddable":true,"href":"https:\/\/www.agustinbarahona.com\/blog\/wp-json\/wp\/v2\/comments?post=1127"}],"version-history":[{"count":1,"href":"https:\/\/www.agustinbarahona.com\/blog\/wp-json\/wp\/v2\/posts\/1127\/revisions"}],"predecessor-version":[{"id":1128,"href":"https:\/\/www.agustinbarahona.com\/blog\/wp-json\/wp\/v2\/posts\/1127\/revisions\/1128"}],"wp:attachment":[{"href":"https:\/\/www.agustinbarahona.com\/blog\/wp-json\/wp\/v2\/media?parent=1127"}],"wp:term":[{"taxonomy":"category","embeddable":true,"href":"https:\/\/www.agustinbarahona.com\/blog\/wp-json\/wp\/v2\/categories?post=1127"},{"taxonomy":"post_tag","embeddable":true,"href":"https:\/\/www.agustinbarahona.com\/blog\/wp-json\/wp\/v2\/tags?post=1127"}],"curies":[{"name":"wp","href":"https:\/\/api.w.org\/{rel}","templated":true}]}}