{"id":1253,"date":"2014-03-18T10:32:21","date_gmt":"2014-03-18T09:32:21","guid":{"rendered":"http:\/\/www.agustinbarahona.com\/blog\/?p=1253"},"modified":"2014-03-18T10:34:37","modified_gmt":"2014-03-18T09:34:37","slug":"el-buen-marinero-se-reconoce-en-la-tormenta","status":"publish","type":"post","link":"https:\/\/www.agustinbarahona.com\/blog\/el-buen-marinero-se-reconoce-en-la-tormenta\/","title":{"rendered":"El buen marinero se reconoce en la tormenta"},"content":{"rendered":"<div style=\"background-color: #ccf; padding: 25px; box-shadow: 7px 7px 16px; border: solid #ccf; border-width: 7px; border-style: ridge;\">\n<p><img decoding=\"async\" alt=\"\" src=\"http:\/\/4.bp.blogspot.com\/-nyAcuWaUtOA\/UOqzJBPOylI\/AAAAAAAAGOs\/fpm7IOMlx1M\/s1600\/Barco_Tormenta.jpg\" width=\"100%\" \/><\/p>\n<p>\u00abA diferencia de lo que dicen algunos post-l\u00edticos [sic], no es en \u00e9poca de bonanza donde puede comprobarse la val\u00eda de \u00e9stos sino en \u00e9pocas de crisis y m\u00e1ximas dificultades. Como dice el refr\u00e1n, <em><span style=\"font-family: 'Times New Roman'; font-size: 115%;\">al buen marinero se reconoce en la tormenta<\/span><\/em>\u00bb [Agust\u00edn Barahona]<\/p>\n<\/div>\n","protected":false},"excerpt":{"rendered":"<p>\u00abA diferencia de lo que dicen algunos post-l\u00edticos [sic], no es en \u00e9poca de bonanza donde puede comprobarse la val\u00eda de \u00e9stos sino en \u00e9pocas de crisis y m\u00e1ximas dificultades. Como dice el refr\u00e1n, al buen marinero se reconoce en la tormenta\u00bb [Agust\u00edn Barahona]<\/p>\n","protected":false},"author":1,"featured_media":0,"comment_status":"open","ping_status":"open","sticky":false,"template":"","format":"standard","meta":{"_monsterinsights_skip_tracking":false,"_monsterinsights_sitenote_active":false,"_monsterinsights_sitenote_note":"","_monsterinsights_sitenote_category":0,"_jetpack_memberships_contains_paid_content":false,"footnotes":""},"categories":[16,8],"tags":[43,42],"class_list":["post-1253","post","type-post","status-publish","format-standard","hentry","category-humanismo","category-reflexiones","tag-filosofia","tag-politica"],"aioseo_notices":[],"jetpack_featured_media_url":"","jetpack_sharing_enabled":true,"_links":{"self":[{"href":"https:\/\/www.agustinbarahona.com\/blog\/wp-json\/wp\/v2\/posts\/1253","targetHints":{"allow":["GET"]}}],"collection":[{"href":"https:\/\/www.agustinbarahona.com\/blog\/wp-json\/wp\/v2\/posts"}],"about":[{"href":"https:\/\/www.agustinbarahona.com\/blog\/wp-json\/wp\/v2\/types\/post"}],"author":[{"embeddable":true,"href":"https:\/\/www.agustinbarahona.com\/blog\/wp-json\/wp\/v2\/users\/1"}],"replies":[{"embeddable":true,"href":"https:\/\/www.agustinbarahona.com\/blog\/wp-json\/wp\/v2\/comments?post=1253"}],"version-history":[{"count":3,"href":"https:\/\/www.agustinbarahona.com\/blog\/wp-json\/wp\/v2\/posts\/1253\/revisions"}],"predecessor-version":[{"id":1256,"href":"https:\/\/www.agustinbarahona.com\/blog\/wp-json\/wp\/v2\/posts\/1253\/revisions\/1256"}],"wp:attachment":[{"href":"https:\/\/www.agustinbarahona.com\/blog\/wp-json\/wp\/v2\/media?parent=1253"}],"wp:term":[{"taxonomy":"category","embeddable":true,"href":"https:\/\/www.agustinbarahona.com\/blog\/wp-json\/wp\/v2\/categories?post=1253"},{"taxonomy":"post_tag","embeddable":true,"href":"https:\/\/www.agustinbarahona.com\/blog\/wp-json\/wp\/v2\/tags?post=1253"}],"curies":[{"name":"wp","href":"https:\/\/api.w.org\/{rel}","templated":true}]}}