{"id":1284,"date":"2014-03-21T12:44:20","date_gmt":"2014-03-21T11:44:20","guid":{"rendered":"http:\/\/www.agustinbarahona.com\/blog\/?p=1284"},"modified":"2019-08-13T11:42:23","modified_gmt":"2019-08-13T10:42:23","slug":"que-es-mas-lesivo-la-violencia-del-volumen-de-la-voz-o-la-del-volumen-de-la-ignorancia","status":"publish","type":"post","link":"https:\/\/www.agustinbarahona.com\/blog\/que-es-mas-lesivo-la-violencia-del-volumen-de-la-voz-o-la-del-volumen-de-la-ignorancia\/","title":{"rendered":"\u00bfQu\u00e9 es m\u00e1s lesivo: la violencia del volumen de la voz o la del volumen de la ignorancia?"},"content":{"rendered":"<div style=\"background-color: #ffc; padding: 25px; box-shadow: 7px 7px 16px; border: solid #bb7; border-width: 7px; border-style: ridge;\">\n<p><img decoding=\"async\" class=\"alignnone\" src=\"https:\/\/americanuestra.com\/wp-content\/uploads\/2016\/09\/delacroix_1440-900.jpg\" alt=\"\u00a9 Louvre Museum\" width=\"97%\"\/><\/p>\n<p>\u00abNunca he sido ni ser\u00e9 partidario de la violencia gratu\u00edta. Tan s\u00f3lo, como la mayor\u00eda de la humanidad, y s\u00f3lo como mal menor y en \u00faltimo extremo, de aquella que nos permite defendernos y defender a los nuestros de otras violencias que se nos imponen. Y si es s\u00f3lo disuasoria mucho mejor: los animales muchas veces ense\u00f1an sus armas al posible enemigo &#8211;colmillos, garras, etc.&#8211; para no tener que usarlas. Elevar el volumen de la voz en determinados momentos y no en otros se debe igualmente a motivos at\u00e1vicos en el ser humano para los que venimos programados de un modo natural. Cientos de veces en nuestra vida comprobamos que elevar el volumen de la voz voz o gritar es necesario o bien porque observamos que alguien a quien queremos va a cometer un acto grave cuya inmediatez requiere de un fuerte golpe de voz para captar una atenci\u00f3n y conciencia inmediatos que de otro modo no habr\u00eda surtido efecto o bien porque sabemos que en la sordera conciencial del receptor s\u00f3lo el volumen de la voz produce las reacciones adecuadas o bien porque consideramos que es mucho mejor el desahogo de un muy previsible grito para el que lo recibe &#8211;y que, por ello, si lo desea, podr\u00eda haberlo evitado&#8211; que el permitir que la exasperaci\u00f3n pueda llevarnos a situaciones m\u00e1s violentas. En todos los casos <strong>es la educaci\u00f3n la que nos permite dirimir la pertinencia, conveniencia, dosificaci\u00f3n y grado de uso<\/strong>. Y debemos hacer part\u00edcipes y beneficiarios de esa educaci\u00f3n a todo el mundo.<\/p>\n<p>En estos d\u00edas circula por internet un texto que dice: <em><span style=\"font-family: 'Times New Roman'; font-size: 115%;\">\u00ablos gritos no educan, ensordecen el coraz\u00f3n, cierran el pensamiento, destruyen el respeto y te vuelven violento, s\u00f3lo entorpecen la paz.\u00bb<\/span><\/em>. Sin embargo, sin entrar ahora a analizar si es o no cierto lo que afirman esas l\u00edneas &#8211;que as\u00ed expresado no lo es&#8211;, el texto no ense\u00f1a a diferenciar entre elevar un poco el volumen de la voz enf\u00e1ticamente y gritar, que son dos cosas distintas, ni tampoco a saber cu\u00e1ndo es leg\u00edtimo hacer una cosa u otra, pues eso significar\u00eda que dependiendo de los decibelios &#8211;de si algo no puede ser considerado como grito&#8211;, el acto ser\u00eda leg\u00edtimo, en vez de <strong>dependiendo de su funci\u00f3n<\/strong>, que creo que <strong>es el criterio para poder decidirlo<\/strong>. Si ense\u00f1\u00e1ramos equivocadamente a nunca elevar el volumen de la voz en ning\u00fan contexto<strong> estar\u00edamos ense\u00f1ando la mansedumbre ante lo err\u00f3neo, ante lo malo, ante lo perverso<\/strong>, es decir, estar\u00edamos ense\u00f1ando a quedar indefensos ante las injusticias y situaciones de la vida que&nbsp; requieren que elevemos nuestra voz para poder ser o\u00eddos; <strong>y todo ello por la falsa asunci\u00f3n de que con todo el mundo se puede razonar y hay tiempo para ello<\/strong>, cosa que no siempre es cierta, pues la mayor\u00eda de las veces<strong> la inmediatez, la urgencia, es un requerimiento<\/strong> &#8211;la historia, como la oportunidad, no espera&#8211; y adem\u00e1s <strong>no todo el mundo desea razonar<\/strong> sino, la mayor\u00eda de las veces, simplemente salirse con la suya, aunque perjudique con ello a muchos.<\/p>\n<p>Por ello quiz\u00e1 al mentado texto le falte una \u00fanica frase condicional para poder ser realmente \u00fatil y justo:&nbsp; \u00ablos gritos, <strong>cuando no son necesarios<\/strong>,&#8230;\u00bb. \u00bfEs l\u00edcito pues usar como \u00faltimo recurso all\u00ed donde sea necesario la violencia de los distintos grados de elevaci\u00f3n de la voz &#8211;es decir, su graduado \u00edmpetu o fuerza excepcionales&#8211; <strong>contra la palmaria violencia de la ignorancia y la deseducaci\u00f3n<\/strong>?\u00bb [Agust\u00edn Barahona]<\/p>\n<\/div>\n","protected":false},"excerpt":{"rendered":"<p>\u00abNunca he sido ni ser\u00e9 partidario de la violencia gratu\u00edta. Tan s\u00f3lo, como la mayor\u00eda de la humanidad, y s\u00f3lo como mal menor y en \u00faltimo extremo, de aquella que nos permite defendernos y defender a los nuestros de otras violencias que se nos imponen. Y si es s\u00f3lo disuasoria mucho mejor: los animales muchas [&hellip;]<\/p>\n","protected":false},"author":1,"featured_media":0,"comment_status":"open","ping_status":"open","sticky":false,"template":"","format":"standard","meta":{"_monsterinsights_skip_tracking":false,"_monsterinsights_sitenote_active":false,"_monsterinsights_sitenote_note":"","_monsterinsights_sitenote_category":0,"_jetpack_memberships_contains_paid_content":false,"footnotes":""},"categories":[16,8],"tags":[18,43,32],"class_list":["post-1284","post","type-post","status-publish","format-standard","hentry","category-humanismo","category-reflexiones","tag-cultura","tag-filosofia","tag-justicia"],"aioseo_notices":[],"jetpack_featured_media_url":"","jetpack_sharing_enabled":true,"_links":{"self":[{"href":"https:\/\/www.agustinbarahona.com\/blog\/wp-json\/wp\/v2\/posts\/1284","targetHints":{"allow":["GET"]}}],"collection":[{"href":"https:\/\/www.agustinbarahona.com\/blog\/wp-json\/wp\/v2\/posts"}],"about":[{"href":"https:\/\/www.agustinbarahona.com\/blog\/wp-json\/wp\/v2\/types\/post"}],"author":[{"embeddable":true,"href":"https:\/\/www.agustinbarahona.com\/blog\/wp-json\/wp\/v2\/users\/1"}],"replies":[{"embeddable":true,"href":"https:\/\/www.agustinbarahona.com\/blog\/wp-json\/wp\/v2\/comments?post=1284"}],"version-history":[{"count":12,"href":"https:\/\/www.agustinbarahona.com\/blog\/wp-json\/wp\/v2\/posts\/1284\/revisions"}],"predecessor-version":[{"id":6553,"href":"https:\/\/www.agustinbarahona.com\/blog\/wp-json\/wp\/v2\/posts\/1284\/revisions\/6553"}],"wp:attachment":[{"href":"https:\/\/www.agustinbarahona.com\/blog\/wp-json\/wp\/v2\/media?parent=1284"}],"wp:term":[{"taxonomy":"category","embeddable":true,"href":"https:\/\/www.agustinbarahona.com\/blog\/wp-json\/wp\/v2\/categories?post=1284"},{"taxonomy":"post_tag","embeddable":true,"href":"https:\/\/www.agustinbarahona.com\/blog\/wp-json\/wp\/v2\/tags?post=1284"}],"curies":[{"name":"wp","href":"https:\/\/api.w.org\/{rel}","templated":true}]}}