{"id":1298,"date":"2014-03-22T13:27:45","date_gmt":"2014-03-22T12:27:45","guid":{"rendered":"http:\/\/www.agustinbarahona.com\/blog\/?p=1298"},"modified":"2014-03-22T13:27:45","modified_gmt":"2014-03-22T12:27:45","slug":"la-osce-vigilara-si-cifuentes-atenta-contra-los-derechos-de-manifestacion-y-reunion-durante-el-22-m","status":"publish","type":"post","link":"https:\/\/www.agustinbarahona.com\/blog\/la-osce-vigilara-si-cifuentes-atenta-contra-los-derechos-de-manifestacion-y-reunion-durante-el-22-m\/","title":{"rendered":"La OSCE vigilar\u00e1 si Cifuentes atenta contra los derechos de manifestaci\u00f3n y reuni\u00f3n durante el 22-M"},"content":{"rendered":"<p><img decoding=\"async\" alt=\"Un manifestante se agarra a la pierna de un antidisturbios durante las cargas policiales tras una manifestaci\u00f3n en Madrid\" src=\"http:\/\/imagenes.publico.es\/resources\/archivos\/2014\/3\/21\/1395423592486antidisturbiosc4.jpg\" width=\"100%\" \/><\/p>\n<p>La OSCE vigilar\u00e1 si Cifuentes atenta contra los derechos de manifestaci\u00f3n y reuni\u00f3n durante el 22-MEl organismo internacional responde afirmativamente a la solicitud de la organizaci\u00f3n de las Marchas de la Dignidad para que estuvieran presentes durante la confluencia de las columnas en Madrid. El martes les entregar\u00e1n un informe sobre el desarrollo de la movilizaci\u00f3n. (Contin\u00faa en el art\u00edculo)<\/p>\n<p>v\u00eda <a href=\"http:\/\/www.publico.es\/politica\/509520\/la-osce-vigilara-si-cifuentes-atenta-contra-los-derechos-de-manifestacion-y-reunion-durante-el-22-m\">La OSCE vigilar\u00e1 si Cifuentes atenta contra los derechos de manifestaci\u00f3n y reuni\u00f3n durante el 22-M &#8211; P\u00fablico.es<\/a>.<\/p>\n","protected":false},"excerpt":{"rendered":"<p>La OSCE vigilar\u00e1 si Cifuentes atenta contra los derechos de manifestaci\u00f3n y reuni\u00f3n durante el 22-MEl organismo internacional responde afirmativamente a la solicitud de la organizaci\u00f3n de las Marchas de la Dignidad para que estuvieran presentes durante la confluencia de las columnas en Madrid. El martes les entregar\u00e1n un informe sobre el desarrollo de la [&hellip;]<\/p>\n","protected":false},"author":1,"featured_media":0,"comment_status":"open","ping_status":"open","sticky":false,"template":"","format":"standard","meta":{"_monsterinsights_skip_tracking":false,"_monsterinsights_sitenote_active":false,"_monsterinsights_sitenote_note":"","_monsterinsights_sitenote_category":0,"_jetpack_memberships_contains_paid_content":false,"footnotes":""},"categories":[1],"tags":[32,42,33],"class_list":["post-1298","post","type-post","status-publish","format-standard","hentry","category-general","tag-justicia","tag-politica","tag-sistema"],"aioseo_notices":[],"jetpack_featured_media_url":"","jetpack_sharing_enabled":true,"_links":{"self":[{"href":"https:\/\/www.agustinbarahona.com\/blog\/wp-json\/wp\/v2\/posts\/1298","targetHints":{"allow":["GET"]}}],"collection":[{"href":"https:\/\/www.agustinbarahona.com\/blog\/wp-json\/wp\/v2\/posts"}],"about":[{"href":"https:\/\/www.agustinbarahona.com\/blog\/wp-json\/wp\/v2\/types\/post"}],"author":[{"embeddable":true,"href":"https:\/\/www.agustinbarahona.com\/blog\/wp-json\/wp\/v2\/users\/1"}],"replies":[{"embeddable":true,"href":"https:\/\/www.agustinbarahona.com\/blog\/wp-json\/wp\/v2\/comments?post=1298"}],"version-history":[{"count":1,"href":"https:\/\/www.agustinbarahona.com\/blog\/wp-json\/wp\/v2\/posts\/1298\/revisions"}],"predecessor-version":[{"id":1299,"href":"https:\/\/www.agustinbarahona.com\/blog\/wp-json\/wp\/v2\/posts\/1298\/revisions\/1299"}],"wp:attachment":[{"href":"https:\/\/www.agustinbarahona.com\/blog\/wp-json\/wp\/v2\/media?parent=1298"}],"wp:term":[{"taxonomy":"category","embeddable":true,"href":"https:\/\/www.agustinbarahona.com\/blog\/wp-json\/wp\/v2\/categories?post=1298"},{"taxonomy":"post_tag","embeddable":true,"href":"https:\/\/www.agustinbarahona.com\/blog\/wp-json\/wp\/v2\/tags?post=1298"}],"curies":[{"name":"wp","href":"https:\/\/api.w.org\/{rel}","templated":true}]}}