{"id":1307,"date":"2014-03-23T21:30:04","date_gmt":"2014-03-23T20:30:04","guid":{"rendered":"http:\/\/www.agustinbarahona.com\/blog\/?p=1307"},"modified":"2014-03-23T21:30:04","modified_gmt":"2014-03-23T20:30:04","slug":"les-recordamos-a-la-policia-que-estamos-participando-en-un-acto-legalizado-que-no-ha-concluido","status":"publish","type":"post","link":"https:\/\/www.agustinbarahona.com\/blog\/les-recordamos-a-la-policia-que-estamos-participando-en-un-acto-legalizado-que-no-ha-concluido\/","title":{"rendered":"\u201cLes recordamos a la Polic\u00eda que estamos participando en un acto legalizado que no ha concluido\u201d"},"content":{"rendered":"<p><img decoding=\"async\" title=\"Ver imagen en Twitter\" alt=\"Ver imagen en Twitter\" src=\"https:\/\/pbs.twimg.com\/media\/BjW6PcOIQAEsWq-.jpg\" width=\"100%\" \/><\/p>\n<p>\u201cLes recordamos a la Polic\u00eda que estamos participando en un acto legalizado que no ha concluido\u201d<\/p>\n<p>Vea el v\u00eddeo de c\u00f3mo entraron las Fuerzas de Seguridad en la Plaza de Col\u00f3n antes de que terminara la Marcha por la Dignidad y c\u00f3mo la derecha ha acabado &#8216;rentabilizando&#8217; la violencia (Contin\u00faa en el art\u00edculo)<\/p>\n<p>v\u00eda <a href=\"http:\/\/www.elplural.com\/2014\/03\/23\/les-recordamos-a-la-policia-que-estamos-participando-en-un-acto-legalizado-que-no-ha-concluido\/\">\u201cLes recordamos a la Polic\u00eda que estamos participando en un acto legalizado que no ha concluido\u201d : Peri\u00f3dico digital progresista<\/a>.<\/p>\n","protected":false},"excerpt":{"rendered":"<p>\u201cLes recordamos a la Polic\u00eda que estamos participando en un acto legalizado que no ha concluido\u201d Vea el v\u00eddeo de c\u00f3mo entraron las Fuerzas de Seguridad en la Plaza de Col\u00f3n antes de que terminara la Marcha por la Dignidad y c\u00f3mo la derecha ha acabado &#8216;rentabilizando&#8217; la violencia (Contin\u00faa en el art\u00edculo) v\u00eda \u201cLes [&hellip;]<\/p>\n","protected":false},"author":1,"featured_media":0,"comment_status":"open","ping_status":"open","sticky":false,"template":"","format":"standard","meta":{"_monsterinsights_skip_tracking":false,"_monsterinsights_sitenote_active":false,"_monsterinsights_sitenote_note":"","_monsterinsights_sitenote_category":0,"_jetpack_memberships_contains_paid_content":false,"footnotes":""},"categories":[1],"tags":[32,42,33],"class_list":["post-1307","post","type-post","status-publish","format-standard","hentry","category-general","tag-justicia","tag-politica","tag-sistema"],"aioseo_notices":[],"jetpack_featured_media_url":"","jetpack_sharing_enabled":true,"_links":{"self":[{"href":"https:\/\/www.agustinbarahona.com\/blog\/wp-json\/wp\/v2\/posts\/1307","targetHints":{"allow":["GET"]}}],"collection":[{"href":"https:\/\/www.agustinbarahona.com\/blog\/wp-json\/wp\/v2\/posts"}],"about":[{"href":"https:\/\/www.agustinbarahona.com\/blog\/wp-json\/wp\/v2\/types\/post"}],"author":[{"embeddable":true,"href":"https:\/\/www.agustinbarahona.com\/blog\/wp-json\/wp\/v2\/users\/1"}],"replies":[{"embeddable":true,"href":"https:\/\/www.agustinbarahona.com\/blog\/wp-json\/wp\/v2\/comments?post=1307"}],"version-history":[{"count":1,"href":"https:\/\/www.agustinbarahona.com\/blog\/wp-json\/wp\/v2\/posts\/1307\/revisions"}],"predecessor-version":[{"id":1308,"href":"https:\/\/www.agustinbarahona.com\/blog\/wp-json\/wp\/v2\/posts\/1307\/revisions\/1308"}],"wp:attachment":[{"href":"https:\/\/www.agustinbarahona.com\/blog\/wp-json\/wp\/v2\/media?parent=1307"}],"wp:term":[{"taxonomy":"category","embeddable":true,"href":"https:\/\/www.agustinbarahona.com\/blog\/wp-json\/wp\/v2\/categories?post=1307"},{"taxonomy":"post_tag","embeddable":true,"href":"https:\/\/www.agustinbarahona.com\/blog\/wp-json\/wp\/v2\/tags?post=1307"}],"curies":[{"name":"wp","href":"https:\/\/api.w.org\/{rel}","templated":true}]}}