{"id":1316,"date":"2014-03-24T13:05:11","date_gmt":"2014-03-24T12:05:11","guid":{"rendered":"http:\/\/www.agustinbarahona.com\/blog\/?p=1316"},"modified":"2014-03-24T13:05:11","modified_gmt":"2014-03-24T12:05:11","slug":"agentes-antidisturbios-critican-la-mala-gestion-por-la-intervencion-policial-este-22-m","status":"publish","type":"post","link":"https:\/\/www.agustinbarahona.com\/blog\/agentes-antidisturbios-critican-la-mala-gestion-por-la-intervencion-policial-este-22-m\/","title":{"rendered":"Agentes antidisturbios critican la mala gesti\u00f3n por la intervenci\u00f3n policial este 22-M"},"content":{"rendered":"<p><img decoding=\"async\" title=\"Protesta de los antidisturbios\" alt=\"Protesta de los antidisturbios\" src=\"http:\/\/cdn.20minutos.es\/img2\/recortes\/2014\/03\/23\/165634-620-282.jpg\" width=\"100%\" \/><\/p>\n<p>En una concentraci\u00f3n frente a la comisar\u00eda de Moratalaz, han pedido el cese de los responsables del dispositivo que estuvo en los disturbios del s\u00e1bado.<\/p>\n<p>El SUP asegura que los antidisturbios \u00absolicitaron ayuda\u00bb pero \u00ablos responsables de la comisar\u00eda general ciudadana no respondieron\u00bb a su petici\u00f3n.<\/p>\n<p>La Delegaci\u00f3n del Gobierno en Madrid no ha querido pronunciarse sobre esta denuncia al no corresponderle el mando del operativo. (Contin\u00faa en el art\u00edculo)<\/p>\n<p>v\u00eda <a href=\"http:\/\/www.20minutos.es\/noticia\/2093411\/0\/manifestacion\/agentes-antidisturbios\/marchas-dignidad-22m\/\">Agentes antidisturbios critican la mala gesti\u00f3n por la intervenci\u00f3n policial este 22-M &#8211; 20minutos.es<\/a>.<\/p>\n","protected":false},"excerpt":{"rendered":"<p>En una concentraci\u00f3n frente a la comisar\u00eda de Moratalaz, han pedido el cese de los responsables del dispositivo que estuvo en los disturbios del s\u00e1bado. El SUP asegura que los antidisturbios \u00absolicitaron ayuda\u00bb pero \u00ablos responsables de la comisar\u00eda general ciudadana no respondieron\u00bb a su petici\u00f3n. La Delegaci\u00f3n del Gobierno en Madrid no ha querido [&hellip;]<\/p>\n","protected":false},"author":1,"featured_media":0,"comment_status":"open","ping_status":"open","sticky":false,"template":"","format":"standard","meta":{"_monsterinsights_skip_tracking":false,"_monsterinsights_sitenote_active":false,"_monsterinsights_sitenote_note":"","_monsterinsights_sitenote_category":0,"_jetpack_memberships_contains_paid_content":false,"footnotes":""},"categories":[1],"tags":[32,42,33],"class_list":["post-1316","post","type-post","status-publish","format-standard","hentry","category-general","tag-justicia","tag-politica","tag-sistema"],"aioseo_notices":[],"jetpack_featured_media_url":"","jetpack_sharing_enabled":true,"_links":{"self":[{"href":"https:\/\/www.agustinbarahona.com\/blog\/wp-json\/wp\/v2\/posts\/1316","targetHints":{"allow":["GET"]}}],"collection":[{"href":"https:\/\/www.agustinbarahona.com\/blog\/wp-json\/wp\/v2\/posts"}],"about":[{"href":"https:\/\/www.agustinbarahona.com\/blog\/wp-json\/wp\/v2\/types\/post"}],"author":[{"embeddable":true,"href":"https:\/\/www.agustinbarahona.com\/blog\/wp-json\/wp\/v2\/users\/1"}],"replies":[{"embeddable":true,"href":"https:\/\/www.agustinbarahona.com\/blog\/wp-json\/wp\/v2\/comments?post=1316"}],"version-history":[{"count":1,"href":"https:\/\/www.agustinbarahona.com\/blog\/wp-json\/wp\/v2\/posts\/1316\/revisions"}],"predecessor-version":[{"id":1317,"href":"https:\/\/www.agustinbarahona.com\/blog\/wp-json\/wp\/v2\/posts\/1316\/revisions\/1317"}],"wp:attachment":[{"href":"https:\/\/www.agustinbarahona.com\/blog\/wp-json\/wp\/v2\/media?parent=1316"}],"wp:term":[{"taxonomy":"category","embeddable":true,"href":"https:\/\/www.agustinbarahona.com\/blog\/wp-json\/wp\/v2\/categories?post=1316"},{"taxonomy":"post_tag","embeddable":true,"href":"https:\/\/www.agustinbarahona.com\/blog\/wp-json\/wp\/v2\/tags?post=1316"}],"curies":[{"name":"wp","href":"https:\/\/api.w.org\/{rel}","templated":true}]}}