{"id":1318,"date":"2014-03-24T13:15:43","date_gmt":"2014-03-24T12:15:43","guid":{"rendered":"http:\/\/www.agustinbarahona.com\/blog\/?p=1318"},"modified":"2014-03-24T13:17:58","modified_gmt":"2014-03-24T12:17:58","slug":"la-memoria-de-suarez","status":"publish","type":"post","link":"https:\/\/www.agustinbarahona.com\/blog\/la-memoria-de-suarez\/","title":{"rendered":"La memoria de Su\u00e1rez"},"content":{"rendered":"<p><img decoding=\"async\" alt=\"\" src=\"http:\/\/www.saludalia.com\/Uploads\/saludalia.com\/ImagenesGrandes\/podemos-mejorar-nuestra-memoria.jpg\" width=\"97%\" border=\"-10px\" \/><\/p>\n<p>La p\u00e9rdida de memoria es uno de los remedios mejor utilizados en la construcci\u00f3n de la Espa\u00f1a oficial. El alzheimer de Adolfo Su\u00e1rez ha cumplido tambi\u00e9n su papel. Cuando Adolfo Su\u00e1rez hijo convoc\u00f3 a la prensa para anunciar el fallecimiento inminente de su padre, sent\u00ed tristeza, y no por Su\u00e1rez, que llevaba 11 a\u00f1os desaparecido, inexistente, sino por nuestro pa\u00eds, por el impudor del circo levantado sobre nuestra realidad. (Contin\u00faa en el art\u00edculo)<\/p>\n<p>v\u00eda <a href=\"http:\/\/www.publico.es\/politica\/509495\/la-memoria-de-suarez\">La memoria de Su\u00e1rez &#8211; P\u00fablico.es<\/a>.<\/p>\n","protected":false},"excerpt":{"rendered":"<p>La p\u00e9rdida de memoria es uno de los remedios mejor utilizados en la construcci\u00f3n de la Espa\u00f1a oficial. El alzheimer de Adolfo Su\u00e1rez ha cumplido tambi\u00e9n su papel. Cuando Adolfo Su\u00e1rez hijo convoc\u00f3 a la prensa para anunciar el fallecimiento inminente de su padre, sent\u00ed tristeza, y no por Su\u00e1rez, que llevaba 11 a\u00f1os desaparecido, [&hellip;]<\/p>\n","protected":false},"author":1,"featured_media":0,"comment_status":"open","ping_status":"open","sticky":false,"template":"","format":"standard","meta":{"_monsterinsights_skip_tracking":false,"_monsterinsights_sitenote_active":false,"_monsterinsights_sitenote_note":"","_monsterinsights_sitenote_category":0,"_jetpack_memberships_contains_paid_content":false,"footnotes":""},"categories":[1],"tags":[42,33],"class_list":["post-1318","post","type-post","status-publish","format-standard","hentry","category-general","tag-politica","tag-sistema"],"aioseo_notices":[],"jetpack_featured_media_url":"","jetpack_sharing_enabled":true,"_links":{"self":[{"href":"https:\/\/www.agustinbarahona.com\/blog\/wp-json\/wp\/v2\/posts\/1318","targetHints":{"allow":["GET"]}}],"collection":[{"href":"https:\/\/www.agustinbarahona.com\/blog\/wp-json\/wp\/v2\/posts"}],"about":[{"href":"https:\/\/www.agustinbarahona.com\/blog\/wp-json\/wp\/v2\/types\/post"}],"author":[{"embeddable":true,"href":"https:\/\/www.agustinbarahona.com\/blog\/wp-json\/wp\/v2\/users\/1"}],"replies":[{"embeddable":true,"href":"https:\/\/www.agustinbarahona.com\/blog\/wp-json\/wp\/v2\/comments?post=1318"}],"version-history":[{"count":6,"href":"https:\/\/www.agustinbarahona.com\/blog\/wp-json\/wp\/v2\/posts\/1318\/revisions"}],"predecessor-version":[{"id":1324,"href":"https:\/\/www.agustinbarahona.com\/blog\/wp-json\/wp\/v2\/posts\/1318\/revisions\/1324"}],"wp:attachment":[{"href":"https:\/\/www.agustinbarahona.com\/blog\/wp-json\/wp\/v2\/media?parent=1318"}],"wp:term":[{"taxonomy":"category","embeddable":true,"href":"https:\/\/www.agustinbarahona.com\/blog\/wp-json\/wp\/v2\/categories?post=1318"},{"taxonomy":"post_tag","embeddable":true,"href":"https:\/\/www.agustinbarahona.com\/blog\/wp-json\/wp\/v2\/tags?post=1318"}],"curies":[{"name":"wp","href":"https:\/\/api.w.org\/{rel}","templated":true}]}}