{"id":1347,"date":"2014-03-27T12:46:23","date_gmt":"2014-03-27T11:46:23","guid":{"rendered":"http:\/\/www.agustinbarahona.com\/blog\/?p=1347"},"modified":"2014-03-27T12:46:47","modified_gmt":"2014-03-27T11:46:47","slug":"por-que-no-se-graban-legalmente-en-video-las-manifestaciones-y-acciones-policiales","status":"publish","type":"post","link":"https:\/\/www.agustinbarahona.com\/blog\/por-que-no-se-graban-legalmente-en-video-las-manifestaciones-y-acciones-policiales\/","title":{"rendered":"\u00bfPor qu\u00e9 no se graban legalmente en v\u00eddeo las manifestaciones y acciones policiales?"},"content":{"rendered":"<p><img decoding=\"async\" title=\"Polic\u00edas frente a los manifestantes en Neptuno. | Foto: Efe [\u00c1LBUM DE LOS DISTURBIOS]\" alt=\"Polic\u00edas frente a los manifestantes en Neptuno. | Foto: Efe [\u00c1LBUM DE LOS DISTURBIOS]\" src=\"http:\/\/estaticos02.elmundo.es\/elmundo\/imagenes\/2012\/11\/14\/espana\/1352920714_2.jpg\" width=\"97%\" border=\"0\" \/><\/p>\n<p>\u00abCreo sinceramente que si las manifestaciones fueran grabadas en v\u00eddeo, <strong>tanto por la polic\u00eda como por los ciudadanos<\/strong>, se disuadir\u00eda casi totalmente de que pudiera haber ning\u00fan altercado por temor a que los responsables quedar\u00e1n siempre identificados\u00bb [Agust\u00edn Barahona]<\/p>\n","protected":false},"excerpt":{"rendered":"<p>\u00abCreo sinceramente que si las manifestaciones fueran grabadas en v\u00eddeo, tanto por la polic\u00eda como por los ciudadanos, se disuadir\u00eda casi totalmente de que pudiera haber ning\u00fan altercado por temor a que los responsables quedar\u00e1n siempre identificados\u00bb [Agust\u00edn Barahona]<\/p>\n","protected":false},"author":1,"featured_media":0,"comment_status":"open","ping_status":"open","sticky":false,"template":"","format":"standard","meta":{"_monsterinsights_skip_tracking":false,"_monsterinsights_sitenote_active":false,"_monsterinsights_sitenote_note":"","_monsterinsights_sitenote_category":0,"_jetpack_memberships_contains_paid_content":false,"footnotes":""},"categories":[8],"tags":[32,42,33],"class_list":["post-1347","post","type-post","status-publish","format-standard","hentry","category-reflexiones","tag-justicia","tag-politica","tag-sistema"],"aioseo_notices":[],"jetpack_featured_media_url":"","jetpack_sharing_enabled":true,"_links":{"self":[{"href":"https:\/\/www.agustinbarahona.com\/blog\/wp-json\/wp\/v2\/posts\/1347","targetHints":{"allow":["GET"]}}],"collection":[{"href":"https:\/\/www.agustinbarahona.com\/blog\/wp-json\/wp\/v2\/posts"}],"about":[{"href":"https:\/\/www.agustinbarahona.com\/blog\/wp-json\/wp\/v2\/types\/post"}],"author":[{"embeddable":true,"href":"https:\/\/www.agustinbarahona.com\/blog\/wp-json\/wp\/v2\/users\/1"}],"replies":[{"embeddable":true,"href":"https:\/\/www.agustinbarahona.com\/blog\/wp-json\/wp\/v2\/comments?post=1347"}],"version-history":[{"count":2,"href":"https:\/\/www.agustinbarahona.com\/blog\/wp-json\/wp\/v2\/posts\/1347\/revisions"}],"predecessor-version":[{"id":1360,"href":"https:\/\/www.agustinbarahona.com\/blog\/wp-json\/wp\/v2\/posts\/1347\/revisions\/1360"}],"wp:attachment":[{"href":"https:\/\/www.agustinbarahona.com\/blog\/wp-json\/wp\/v2\/media?parent=1347"}],"wp:term":[{"taxonomy":"category","embeddable":true,"href":"https:\/\/www.agustinbarahona.com\/blog\/wp-json\/wp\/v2\/categories?post=1347"},{"taxonomy":"post_tag","embeddable":true,"href":"https:\/\/www.agustinbarahona.com\/blog\/wp-json\/wp\/v2\/tags?post=1347"}],"curies":[{"name":"wp","href":"https:\/\/api.w.org\/{rel}","templated":true}]}}