{"id":16,"date":"2012-03-31T03:13:26","date_gmt":"2012-03-31T02:13:26","guid":{"rendered":"http:\/\/www.agustinbarahona.com\/blog\/?p=16"},"modified":"2012-03-31T03:13:26","modified_gmt":"2012-03-31T02:13:26","slug":"%c2%bfprohibicion-de-quintas-paralelas","status":"publish","type":"post","link":"https:\/\/www.agustinbarahona.com\/blog\/%c2%bfprohibicion-de-quintas-paralelas\/","title":{"rendered":"\u00bfProhibici\u00f3n de quintas paralelas?"},"content":{"rendered":"<p>\u00abEn Armon\u00eda no se prohiben las quintas paralelas porque sea un \u00abpecado\u00bb o suenen mal. Se prohiben s\u00f3lo en los contextos  en que son perceptibles sin pretenderlo, como sucede en el contexto  did\u00e1ctico-formativo de dichas clases, que se supone que ense\u00f1an al  alumno a mantener un equilibrio consciente y constante en la conducci\u00f3n  de las voces de modo que ninguna destaque por enci<span class=\"text_exposed_show\">ma  de la otra. Esta percepci\u00f3n se produce precisamente porque al ser un  intervalo tan resonante en sus arm\u00f3nicos es dif\u00edcil de esconder si se  mueve en paralelo, ya que su sonoridad destaca atrayendo  involuntariamente la atenci\u00f3n del oyente por encima de todo lo dem\u00e1s a  excepci\u00f3n de las octavas y los un\u00edsonos, que poseen a\u00fan mayor intensidad  por la fuerza y posici\u00f3n de sus arm\u00f3nicos. As\u00ed lo planteo a mis  alumnos.\u00bb [Agustin Barahona]<\/span><\/p>\n","protected":false},"excerpt":{"rendered":"<p>\u00abEn Armon\u00eda no se prohiben las quintas paralelas porque sea un \u00abpecado\u00bb o suenen mal. Se prohiben s\u00f3lo en los contextos en que son perceptibles sin pretenderlo, como sucede en el contexto did\u00e1ctico-formativo de dichas clases, que se supone que ense\u00f1an al alumno a mantener un equilibrio consciente y constante en la conducci\u00f3n de las [&hellip;]<\/p>\n","protected":false},"author":1,"featured_media":0,"comment_status":"open","ping_status":"open","sticky":false,"template":"","format":"standard","meta":{"_monsterinsights_skip_tracking":false,"_monsterinsights_sitenote_active":false,"_monsterinsights_sitenote_note":"","_monsterinsights_sitenote_category":0,"_jetpack_memberships_contains_paid_content":false,"footnotes":""},"categories":[4],"tags":[],"class_list":["post-16","post","type-post","status-publish","format-standard","hentry","category-musicologia"],"aioseo_notices":[],"jetpack_featured_media_url":"","jetpack_sharing_enabled":true,"_links":{"self":[{"href":"https:\/\/www.agustinbarahona.com\/blog\/wp-json\/wp\/v2\/posts\/16","targetHints":{"allow":["GET"]}}],"collection":[{"href":"https:\/\/www.agustinbarahona.com\/blog\/wp-json\/wp\/v2\/posts"}],"about":[{"href":"https:\/\/www.agustinbarahona.com\/blog\/wp-json\/wp\/v2\/types\/post"}],"author":[{"embeddable":true,"href":"https:\/\/www.agustinbarahona.com\/blog\/wp-json\/wp\/v2\/users\/1"}],"replies":[{"embeddable":true,"href":"https:\/\/www.agustinbarahona.com\/blog\/wp-json\/wp\/v2\/comments?post=16"}],"version-history":[{"count":0,"href":"https:\/\/www.agustinbarahona.com\/blog\/wp-json\/wp\/v2\/posts\/16\/revisions"}],"wp:attachment":[{"href":"https:\/\/www.agustinbarahona.com\/blog\/wp-json\/wp\/v2\/media?parent=16"}],"wp:term":[{"taxonomy":"category","embeddable":true,"href":"https:\/\/www.agustinbarahona.com\/blog\/wp-json\/wp\/v2\/categories?post=16"},{"taxonomy":"post_tag","embeddable":true,"href":"https:\/\/www.agustinbarahona.com\/blog\/wp-json\/wp\/v2\/tags?post=16"}],"curies":[{"name":"wp","href":"https:\/\/api.w.org\/{rel}","templated":true}]}}