{"id":1832,"date":"2014-05-07T00:07:40","date_gmt":"2014-05-06T23:07:40","guid":{"rendered":"http:\/\/www.agustinbarahona.com\/blog\/?p=1832"},"modified":"2014-05-08T10:49:40","modified_gmt":"2014-05-08T09:49:40","slug":"tchaikovsky-y-brahms-interapreciacion-de-dos-genios","status":"publish","type":"post","link":"https:\/\/www.agustinbarahona.com\/blog\/tchaikovsky-y-brahms-interapreciacion-de-dos-genios\/","title":{"rendered":"Tchaikovsky y Brahms: interapreciaci\u00f3n de dos genios"},"content":{"rendered":"<p><img decoding=\"async\" class=\"main_image\" src=\"http:\/\/assets1.classicfm.com\/2013\/18\/brahms--tchaikovsky-1367922194-article-0.jpg\" alt=\"Brahms &amp; Tchaikovsky\" width=\"97%\" \/><\/p>\n<p>Hoy se cumplen 174 a\u00f1os del nacimiento de Piotr I. Tchaikovky y simult\u00e1neamente 181 a\u00f1os del nacimiento de Johannes Brahms, ambos nacidos un 7 de mayo, de 1840 el primero y de 1833 el segundo. Es interesante ver c\u00f3mo se percib\u00edan entre s\u00ed estos dos genios a trav\u00e9s de su m\u00fasica y a trav\u00e9s de sus escasas relaciones personales. Por ello he tra\u00eddo para esta ocasi\u00f3n un conocido enlace de una instituci\u00f3n de investigaci\u00f3n hist\u00f3rica que seguramente ser\u00e1 muy \u00fatil para aquellos verdaderamente interesados por la historia de la m\u00fasica y sus protagonistas. Si quer\u00e9is podemos debatir los contenidos de toda esta documentaci\u00f3n, as\u00ed como su cr\u00edtica textual, fiabilidad e interpretaciones hermen\u00e9uticas. Por cierto, la fotograf\u00eda es trucada \ud83d\ude42 Que yo sepa, los dos genios nunca se fotografiaron juntos, pero si alguien conoce alguna fotograf\u00eda en que s\u00ed le rogar\u00eda que fuera tan amable de inform\u00e1rmelo. Muchas gracias de antemano.<\/p>\n<p><a href=\"http:\/\/wiki.tchaikovsky-research.net\/wiki\/Brahms\">Johannes Brahms &#8211; Tchaikovsky Research<\/a>.<\/p>\n","protected":false},"excerpt":{"rendered":"<p>Hoy se cumplen 174 a\u00f1os del nacimiento de Piotr I. Tchaikovky y simult\u00e1neamente 181 a\u00f1os del nacimiento de Johannes Brahms, ambos nacidos un 7 de mayo, de 1840 el primero y de 1833 el segundo. Es interesante ver c\u00f3mo se percib\u00edan entre s\u00ed estos dos genios a trav\u00e9s de su m\u00fasica y a trav\u00e9s de [&hellip;]<\/p>\n","protected":false},"author":1,"featured_media":0,"comment_status":"open","ping_status":"open","sticky":false,"template":"","format":"standard","meta":{"_monsterinsights_skip_tracking":false,"_monsterinsights_sitenote_active":false,"_monsterinsights_sitenote_note":"","_monsterinsights_sitenote_category":0,"_jetpack_memberships_contains_paid_content":false,"footnotes":""},"categories":[50,4],"tags":[27,19,59,41,30,58],"class_list":["post-1832","post","type-post","status-publish","format-standard","hentry","category-arte-2","category-musicologia","tag-anecdotas","tag-arte","tag-brahms","tag-composicion-2","tag-musica","tag-tchaikovsky"],"aioseo_notices":[],"jetpack_featured_media_url":"","jetpack_sharing_enabled":true,"_links":{"self":[{"href":"https:\/\/www.agustinbarahona.com\/blog\/wp-json\/wp\/v2\/posts\/1832","targetHints":{"allow":["GET"]}}],"collection":[{"href":"https:\/\/www.agustinbarahona.com\/blog\/wp-json\/wp\/v2\/posts"}],"about":[{"href":"https:\/\/www.agustinbarahona.com\/blog\/wp-json\/wp\/v2\/types\/post"}],"author":[{"embeddable":true,"href":"https:\/\/www.agustinbarahona.com\/blog\/wp-json\/wp\/v2\/users\/1"}],"replies":[{"embeddable":true,"href":"https:\/\/www.agustinbarahona.com\/blog\/wp-json\/wp\/v2\/comments?post=1832"}],"version-history":[{"count":1,"href":"https:\/\/www.agustinbarahona.com\/blog\/wp-json\/wp\/v2\/posts\/1832\/revisions"}],"predecessor-version":[{"id":1833,"href":"https:\/\/www.agustinbarahona.com\/blog\/wp-json\/wp\/v2\/posts\/1832\/revisions\/1833"}],"wp:attachment":[{"href":"https:\/\/www.agustinbarahona.com\/blog\/wp-json\/wp\/v2\/media?parent=1832"}],"wp:term":[{"taxonomy":"category","embeddable":true,"href":"https:\/\/www.agustinbarahona.com\/blog\/wp-json\/wp\/v2\/categories?post=1832"},{"taxonomy":"post_tag","embeddable":true,"href":"https:\/\/www.agustinbarahona.com\/blog\/wp-json\/wp\/v2\/tags?post=1832"}],"curies":[{"name":"wp","href":"https:\/\/api.w.org\/{rel}","templated":true}]}}