{"id":2379,"date":"2015-12-18T11:29:32","date_gmt":"2015-12-18T10:29:32","guid":{"rendered":"http:\/\/www.agustinbarahona.com\/blog\/?p=2379"},"modified":"2015-12-18T11:29:44","modified_gmt":"2015-12-18T10:29:44","slug":"el-partido-animalista-pacma-opcion-real-para-crear-una-sociedad-mas-etica","status":"publish","type":"post","link":"https:\/\/www.agustinbarahona.com\/blog\/el-partido-animalista-pacma-opcion-real-para-crear-una-sociedad-mas-etica\/","title":{"rendered":"El Partido Animalista, PACMA, \u00bfopci\u00f3n real para crear una sociedad m\u00e1s \u00e9tica?"},"content":{"rendered":"<p><img decoding=\"async\" src=\"http:\/\/rincondeltibet.com\/blog\/wp-content\/uploads\/2015\/07\/perro.jpg\" alt=\"perro\" width=\"97%\" \/><\/p>\n<p>\u00abLe\u00ed el programa electoral del Partido Animalista, PACMA &#8211;os lo adjunto abajo&#8211;, y adem\u00e1s de cuidarse de <strong>much\u00edsimas cuestiones interesantes de justicia social<\/strong> &#8211;que en otros partidos ni siquiera est\u00e1n en su horizonte visual&#8211;,<strong> inclu\u00eddos los otros animales del planeta<\/strong>, es, a mi juicio, el menos rechazable\u00a0de todos los que he revisado &#8211;que son la mayor\u00eda&#8211; y que tampoco explican c\u00f3mo van a conseguir lo que prometen &#8211;ninguno en realidad lo hace&#8211;. Por su primera oraci\u00f3n en el texto <em>\u00abEl Partido Animalista-PACMA es el \u00fanico en el panorama nacional que presenta un proyecto para construir <strong>una sociedad \u00e9tica y moderna, respetuosa con los animales, con el medio ambiente y que garantice los derechos de todos los ciudadanos<\/strong>\u00ab<\/em> se entiende por qu\u00e9 ha articulado su proyecto como lo ha hecho &#8211;recomiendo verlo&#8211;. Respecto a las cuestiones b\u00e1sicas de legislaci\u00f3n, proponen <strong>una nueva constituci\u00f3n<\/strong>; la reforma de la ley electoral y del senado; la supresi\u00f3n de las diputaciones provinciales; la reforma de las leyes de Iniciativa legislativa popular, la de partidos y la de transparencia; la <strong>derogaci\u00f3n de los acuerdos entre el estado espa\u00f1ol y la santa sede<\/strong> sobre ense\u00f1anza y asuntos culturales, sobre asuntos econ\u00f3micos y sobre cualquier otro convenio y\/o acuerdo que privilegie o vincule a la Iglesia con las administraciones p\u00fablicas y el Estado y la derogaci\u00f3n de la actual ley org\u00e1nica de seguridad ciudadana. En cuanto a <strong>Educaci\u00f3n y Cultura<\/strong>, esto es lo que proponen:<\/p>\n<p><em>\u00ab5.3 FOMENTO DE LA EDUCACI\u00d3N<\/em><\/p>\n<p><em>La educaci\u00f3n p\u00fablica de calidad es un derecho de todos, necesario e insustituible para avanzar hacia una sociedad m\u00e1s justa.<\/em><\/p>\n<p><em>Proponemos:<\/em><\/p>\n<p><em>Derogaci\u00f3n de la Ley Org\u00e1nica para la Mejora de la Calidad Educativa (LOMCE) y elaboraci\u00f3n de una nueva ley con el consenso de todos los partidos pol\u00edticos, la comunidad educativa y la sociedad.<\/em><\/p>\n<p><em>Aumentar los umbrales econ\u00f3micos de las becas y el n\u00famero de las mismas en todos los tramos educativos.<\/em><\/p>\n<p><em>Crear una red de educaci\u00f3n p\u00fablica infantil de 0 a 3 a\u00f1os.<\/em><\/p>\n<p><em>Gratuidad y libre acceso a libros de texto en Educaci\u00f3n Primaria, Secundaria y Bachillerato.<\/em><\/p>\n<p><em>Transporte y men\u00fa escolar gratuito para familias que demuestren no poder hacer frente a estos gastos escolares.<\/em><\/p>\n<p><em>Garantizar la atenci\u00f3n temprana a los menores con diversidad funcional y a sus familias. El modelo educativo debe ser inclusivo y buscar la escolarizaci\u00f3n en centros ordinarios de este alumnado.<\/em><\/p>\n<p><em>Promover la detecci\u00f3n precoz del maltrato infantil en el \u00e1mbito escolar y de los Servicios Sociales, a trav\u00e9s de la creaci\u00f3n de un equipo multidisciplinar de \u00e1mbito provincial.<\/em><\/p>\n<p><em>Apoyar la labor de las bibliotecas p\u00fablicas para garantizar el acceso a la cultura.<\/em><\/p>\n<p><em>Crear un plan de acci\u00f3n para fomentar la investigaci\u00f3n civil en las Universidades y centros de investigaci\u00f3n.<\/em><\/p>\n<p><em>6\/ CULTURA Y NUEVAS TECNOLOG\u00cdAS<\/em><\/p>\n<p><em>6.1 SUPRESI\u00d3N DEL 21% DEL IVA EN CULTURA Y PROMOCI\u00d3N DE<\/em><br \/>\n<em> ALTERNATIVAS DE OCIO<\/em><\/p>\n<p><em>En septiembre de 2012 el ejecutivo del Partido Popular subi\u00f3 el impuesto sobre el valor a\u00f1adido (IVA) para los productos culturales (cines, teatros,\u00a0<\/em><em>conciertos en directo, exposiciones, entradas de museos, etc.) del 8% al 21% siendo, desde ese momento, el Estado de la zona euro con el IVA cultural m\u00e1s alto (5,5% en Francia, el 7% en Alemania, el 10% en Italia y el 13% en Grecia y Portugal).<\/em><\/p>\n<p><em>El sector cultural da empleo directo a un mill\u00f3n de personas y supone el 4% del PIB. Despu\u00e9s de 3 a\u00f1os desde la subida al 21 %, los resultados para<\/em><br \/>\n<em> la industria y el sector cultural espa\u00f1ol son desastrosos (disminuci\u00f3n de los espectadores y de los ingresos, cierres de salas de teatro y cine, fin de compa\u00f1\u00edas de teatro y danza, etc).<\/em><\/p>\n<p><em>El Partido Animalista- PACMA est\u00e1 en contra de castigar fiscalmente a la cultura.<\/em><\/p>\n<p><em>Proponemos:<\/em><\/p>\n<p><em>Reducir del IVA cultural a los est\u00e1ndares europeos, porque adem\u00e1s asumimos como principio rector la defensa de una cultura libre y al\u00a0<\/em><em>alcance de todos.<\/em><\/p>\n<p><em>Impulsar iniciativas culturales y de ocio sin sufrimiento animal, tales como la promoci\u00f3n de espect\u00e1culos deportivos, de cine, m\u00fasica, danza, teatro, arte, etc.<\/em><\/p>\n<p><em>Acceso libre a los museos p\u00fablicos para personas sin empleo y para los j\u00f3venes.<\/em><\/p>\n<p><em>Creaci\u00f3n de un portal online en el que los j\u00f3venes puedan desarrollar sus capacidades art\u00edsticas de cualquier \u00edndole y exponer sus obras a la\u00a0<\/em><em>sociedad con la seguridad de que se protegen sus autor\u00edas. La Administraci\u00f3n promover\u00e1 y difundir\u00e1 gratuitamente este portal.<\/em><\/p>\n<p><em>6.2 NUEVAS TECNOLOG\u00cdAS<\/em><\/p>\n<p><em>Consideramos que las nuevas tecnolog\u00edas deben estar al servicio de toda la poblaci\u00f3n, y servir de mecanismo para garantizar el acceso a la informaci\u00f3n\u00a0<\/em><em>y a la cultura.<\/em><\/p>\n<p><em>Proponemos:<\/em><\/p>\n<p><em>Bono social para el acceso gratuito a internet a cualquier persona o familias en situaci\u00f3n de vulnerabilidad. De esta forma se reducir\u00e1 su brecha digital con el resto de la sociedad.<\/em><\/p>\n<p><em>Uso de programas de software libre en la Administraci\u00f3n siempre que sea posible.<\/em><\/p>\n<p><em>Uso de est\u00e1ndares abiertos en los documentos electr\u00f3nicos (open data) emitidos y\/o reclamados por la Administraci\u00f3n.<\/em><\/p>\n<p><em>Publicaci\u00f3n de las herramientas y materiales desarrollados por la Administraci\u00f3n con licencias de distribuci\u00f3n libre (GPL)<\/em>\u00bb<\/p>\n<p>\u00bfQu\u00e9 os parece? \u00bfOs imagin\u00e1is el tipo de sociedad y futuro que se podr\u00eda alcanzar con un proyecto as\u00ed siendo realizado d\u00eda a\u00a0d\u00eda?<\/p>\n<p><a href=\"http:\/\/pacma.es\/wp-content\/uploads\/2015\/11\/Programa-electoral-castellano-20D.pdf\" target=\"_blank\">Programa electoral del Partido Animalista PACMA<\/a><\/p>\n","protected":false},"excerpt":{"rendered":"<p>\u00abLe\u00ed el programa electoral del Partido Animalista, PACMA &#8211;os lo adjunto abajo&#8211;, y adem\u00e1s de cuidarse de much\u00edsimas cuestiones interesantes de justicia social &#8211;que en otros partidos ni siquiera est\u00e1n en su horizonte visual&#8211;, inclu\u00eddos los otros animales del planeta, es, a mi juicio, el menos rechazable\u00a0de todos los que he revisado &#8211;que son la [&hellip;]<\/p>\n","protected":false},"author":1,"featured_media":0,"comment_status":"open","ping_status":"open","sticky":false,"template":"","format":"standard","meta":{"_monsterinsights_skip_tracking":false,"_monsterinsights_sitenote_active":false,"_monsterinsights_sitenote_note":"","_monsterinsights_sitenote_category":0,"_jetpack_memberships_contains_paid_content":false,"footnotes":""},"categories":[16,8],"tags":[18,65,32,42,21],"class_list":["post-2379","post","type-post","status-publish","format-standard","hentry","category-humanismo","category-reflexiones","tag-cultura","tag-educacion","tag-justicia","tag-politica","tag-sensibilidad"],"aioseo_notices":[],"jetpack_featured_media_url":"","jetpack_sharing_enabled":true,"_links":{"self":[{"href":"https:\/\/www.agustinbarahona.com\/blog\/wp-json\/wp\/v2\/posts\/2379","targetHints":{"allow":["GET"]}}],"collection":[{"href":"https:\/\/www.agustinbarahona.com\/blog\/wp-json\/wp\/v2\/posts"}],"about":[{"href":"https:\/\/www.agustinbarahona.com\/blog\/wp-json\/wp\/v2\/types\/post"}],"author":[{"embeddable":true,"href":"https:\/\/www.agustinbarahona.com\/blog\/wp-json\/wp\/v2\/users\/1"}],"replies":[{"embeddable":true,"href":"https:\/\/www.agustinbarahona.com\/blog\/wp-json\/wp\/v2\/comments?post=2379"}],"version-history":[{"count":1,"href":"https:\/\/www.agustinbarahona.com\/blog\/wp-json\/wp\/v2\/posts\/2379\/revisions"}],"predecessor-version":[{"id":2380,"href":"https:\/\/www.agustinbarahona.com\/blog\/wp-json\/wp\/v2\/posts\/2379\/revisions\/2380"}],"wp:attachment":[{"href":"https:\/\/www.agustinbarahona.com\/blog\/wp-json\/wp\/v2\/media?parent=2379"}],"wp:term":[{"taxonomy":"category","embeddable":true,"href":"https:\/\/www.agustinbarahona.com\/blog\/wp-json\/wp\/v2\/categories?post=2379"},{"taxonomy":"post_tag","embeddable":true,"href":"https:\/\/www.agustinbarahona.com\/blog\/wp-json\/wp\/v2\/tags?post=2379"}],"curies":[{"name":"wp","href":"https:\/\/api.w.org\/{rel}","templated":true}]}}