{"id":2655,"date":"2016-07-02T17:41:45","date_gmt":"2016-07-02T16:41:45","guid":{"rendered":"http:\/\/www.agustinbarahona.com\/blog\/?p=2655"},"modified":"2016-07-02T17:47:08","modified_gmt":"2016-07-02T16:47:08","slug":"la-rae-se-harta-y-pone-fin-al-todos-y-todas-ciudadanos-y-ciudadanas","status":"publish","type":"post","link":"https:\/\/www.agustinbarahona.com\/blog\/la-rae-se-harta-y-pone-fin-al-todos-y-todas-ciudadanos-y-ciudadanas\/","title":{"rendered":"La RAE se harta y pone fin al \u2018todos y todas\u2019, \u2018ciudadanos y ciudadanas\u2019"},"content":{"rendered":"<p><img decoding=\"async\" class=\"aligncenter\" src=\"http:\/\/americanuestra.com\/wp-content\/uploads\/2016\/06\/Pedro-Sanchez-da-presidente-Gobierno_EDIIMA20141229_0006_26.jpg\" width=\"97%&quot;\/\" \/><\/p>\n<blockquote><p>\u00abComo siempre explico, no es un problema de g\u00e9nero, sino de <strong>saber c\u00f3mo representarlo adecuadamente a nivel ling\u00fc\u00edstico<\/strong>, c\u00f3mo est\u00e1 gramaticalizado cuando lo est\u00e1, siguiendo las propias reglas inherentes del lenguaje. Es como el <em>deque\u00edsmo<\/em>, que por ignorancia mucha gente cree que es usar la secuencia \u00abde que\u00bb y por eso la evitan, cayendo as\u00ed en el <em>que\u00edsmo<\/em>. Se\u00f1oras y se\u00f1ores, deber\u00edan haber estado m\u00e1s atentos en clase de lengua &#8211;o haber faltado menos&#8211; y as\u00ed no se necesitar\u00eda ahora tener que repetir lo que sus pacientes profesores ya les ense\u00f1aron minuciosamente de peque\u00f1os: <strong>***<em>deque\u00edsmo<\/em> es usar inadecuadamente, donde no corresponde, la secuencia \u00abde que\u00bb***<\/strong>. <span style=\"text-decoration: underline;\">Igual<\/span> ocurre con el g\u00e9nero en ling\u00fc\u00edstica: su gramaticalizaci\u00f3n obedece a <strong>***reglas <span style=\"text-decoration: underline;\">l\u00f3gicas<\/span> internas del propio sistema que en s\u00ed mismo es el lenguaje***<\/strong>, en absoluto externas, como algunos creen infantilmente, como si se tratara de una irracional idea religiosa.\u00bb [Agust\u00edn Barahona]<\/p><\/blockquote>\n<p>Origen: <em><a href=\"http:\/\/www.mediterraneodigital.com\/espana\/nacional\/la-rae-se-harta-y-pone-fin-al-todos-y-todas-ciudadanos-y-ciudadanas.html\">La RAE se harta y pone fin al \u2018todos y todas\u2019, \u2018ciudadanos y ciudadanas\u2019<\/a><\/em><\/p>\n","protected":false},"excerpt":{"rendered":"<p>\u00abComo siempre explico, no es un problema de g\u00e9nero, sino de saber c\u00f3mo representarlo adecuadamente a nivel ling\u00fc\u00edstico, c\u00f3mo est\u00e1 gramaticalizado cuando lo est\u00e1, siguiendo las propias reglas inherentes del lenguaje. Es como el deque\u00edsmo, que por ignorancia mucha gente cree que es usar la secuencia \u00abde que\u00bb y por eso la evitan, cayendo as\u00ed [&hellip;]<\/p>\n","protected":false},"author":1,"featured_media":0,"comment_status":"open","ping_status":"open","sticky":false,"template":"","format":"standard","meta":{"_monsterinsights_skip_tracking":false,"_monsterinsights_sitenote_active":false,"_monsterinsights_sitenote_note":"","_monsterinsights_sitenote_category":0,"_jetpack_memberships_contains_paid_content":false,"footnotes":""},"categories":[16,8],"tags":[18,65],"class_list":["post-2655","post","type-post","status-publish","format-standard","hentry","category-humanismo","category-reflexiones","tag-cultura","tag-educacion"],"aioseo_notices":[],"jetpack_featured_media_url":"","jetpack_sharing_enabled":true,"_links":{"self":[{"href":"https:\/\/www.agustinbarahona.com\/blog\/wp-json\/wp\/v2\/posts\/2655","targetHints":{"allow":["GET"]}}],"collection":[{"href":"https:\/\/www.agustinbarahona.com\/blog\/wp-json\/wp\/v2\/posts"}],"about":[{"href":"https:\/\/www.agustinbarahona.com\/blog\/wp-json\/wp\/v2\/types\/post"}],"author":[{"embeddable":true,"href":"https:\/\/www.agustinbarahona.com\/blog\/wp-json\/wp\/v2\/users\/1"}],"replies":[{"embeddable":true,"href":"https:\/\/www.agustinbarahona.com\/blog\/wp-json\/wp\/v2\/comments?post=2655"}],"version-history":[{"count":5,"href":"https:\/\/www.agustinbarahona.com\/blog\/wp-json\/wp\/v2\/posts\/2655\/revisions"}],"predecessor-version":[{"id":2660,"href":"https:\/\/www.agustinbarahona.com\/blog\/wp-json\/wp\/v2\/posts\/2655\/revisions\/2660"}],"wp:attachment":[{"href":"https:\/\/www.agustinbarahona.com\/blog\/wp-json\/wp\/v2\/media?parent=2655"}],"wp:term":[{"taxonomy":"category","embeddable":true,"href":"https:\/\/www.agustinbarahona.com\/blog\/wp-json\/wp\/v2\/categories?post=2655"},{"taxonomy":"post_tag","embeddable":true,"href":"https:\/\/www.agustinbarahona.com\/blog\/wp-json\/wp\/v2\/tags?post=2655"}],"curies":[{"name":"wp","href":"https:\/\/api.w.org\/{rel}","templated":true}]}}