{"id":4332,"date":"2017-04-09T12:33:57","date_gmt":"2017-04-09T11:33:57","guid":{"rendered":"http:\/\/www.agustinbarahona.com\/blog\/?p=4332"},"modified":"2018-04-18T20:34:13","modified_gmt":"2018-04-18T19:34:13","slug":"que-es-una-blasfemia","status":"publish","type":"post","link":"https:\/\/www.agustinbarahona.com\/blog\/que-es-una-blasfemia\/","title":{"rendered":"\u00bfQu\u00e9 es realmente una blasfemia?"},"content":{"rendered":"<p><img decoding=\"async\" class=\"aligncenter\" title=\"El blasfemo lapidado, de G\u00e9rard Hoet y Abraham de Blois. Es una ilustraci\u00f3n de Figuras de la Biblia, P. de Hondt \u00e9diteur, La Haye, 1728, que representa el castigo que deben sufrir los blasfemos seg\u00fan el libro del Lev\u00edtico.\" src=\"https:\/\/upload.wikimedia.org\/wikipedia\/commons\/9\/9c\/Hoet_The_Blasphemer_Stoned.jpg\" alt=\"\" width=\"97%\" \/><\/p>\n<p><img decoding=\"async\" class=\"alignleft\" src=\"https:\/\/www.agustinbarahona.com\/blog\/wp-content\/uploads\/2014\/01\/Foto1.jpg\" alt=\"Agust\u00edn Barahona\" width=\"19%\" \/><\/p>\n<p>\u00abEl concepto de <a href=\"http:\/\/dle.rae.es\/?id=5g5ODQI\"><i>blasfemia<\/i><\/a> no parece muy civilizado ni l\u00f3gico. Es una idea\u00a0<em>medievalizante<\/em> que lo \u00fanico que quiere decir en la pr\u00e1ctica realidad es que <strong>se prohibe a otros que puedan criticar racionalmente nuestras propias irracionalidades<\/strong>.\u00bb [Agust\u00edn Barahona]<\/p>\n<p>V\u00e9ase tambi\u00e9n:<\/p>\n<blockquote class=\"wp-embedded-content\" data-secret=\"looblDs6dn\"><p><a href=\"https:\/\/www.agustinbarahona.com\/blog\/el-estado-protege-en-el-codigo-penal-las-creencias-pero-no-la-logica\/\">El Estado protege en el c\u00f3digo penal las creencias pero no la l\u00f3gica<\/a><\/p><\/blockquote>\n<p><iframe loading=\"lazy\" class=\"wp-embedded-content\" sandbox=\"allow-scripts\" security=\"restricted\" style=\"position: absolute; visibility: hidden;\" title=\"\u00abEl Estado protege en el c\u00f3digo penal las creencias pero no la l\u00f3gica\u00bb \u2014 \u00bfRazonando se entiende la gente?\" src=\"https:\/\/www.agustinbarahona.com\/blog\/el-estado-protege-en-el-codigo-penal-las-creencias-pero-no-la-logica\/embed\/#?secret=eeYCZz1lXY#?secret=looblDs6dn\" data-secret=\"looblDs6dn\" width=\"500\" height=\"282\" frameborder=\"0\" marginwidth=\"0\" marginheight=\"0\" scrolling=\"no\"><\/iframe><\/p>\n<blockquote class=\"wp-embedded-content\" data-secret=\"tYrKHwHsnd\"><p><a href=\"https:\/\/www.agustinbarahona.com\/blog\/como-se-fundamenta-la-estipulacion-de-un-delito-contra-los-sentimientos-religiosos\/\">\u00bfC\u00f3mo se fundamenta la estipulaci\u00f3n de un delito \u00abcontra los sentimientos religiosos\u00bb?<\/a><\/p><\/blockquote>\n<p><iframe loading=\"lazy\" class=\"wp-embedded-content\" sandbox=\"allow-scripts\" security=\"restricted\" style=\"position: absolute; visibility: hidden;\" title=\"\u00ab\u00bfC\u00f3mo se fundamenta la estipulaci\u00f3n de un delito \u00abcontra los sentimientos religiosos\u00bb?\u00bb \u2014 \u00bfRazonando se entiende la gente?\" src=\"https:\/\/www.agustinbarahona.com\/blog\/como-se-fundamenta-la-estipulacion-de-un-delito-contra-los-sentimientos-religiosos\/embed\/#?secret=s6oeRKVh5b#?secret=tYrKHwHsnd\" data-secret=\"tYrKHwHsnd\" width=\"500\" height=\"282\" frameborder=\"0\" marginwidth=\"0\" marginheight=\"0\" scrolling=\"no\"><\/iframe><\/p>\n<blockquote class=\"wp-embedded-content\" data-secret=\"PJ5pZm5rdD\"><p><a href=\"https:\/\/www.agustinbarahona.com\/blog\/es-inviable-un-delito-contra-los-sentimientos-religiosos\/\">\u00bfEs inviable un \u00abdelito contra los sentimientos religiosos\u00bb?<\/a><\/p><\/blockquote>\n<p><iframe loading=\"lazy\" class=\"wp-embedded-content\" sandbox=\"allow-scripts\" security=\"restricted\" style=\"position: absolute; visibility: hidden;\" title=\"\u00ab\u00bfEs inviable un \u00abdelito contra los sentimientos religiosos\u00bb?\u00bb \u2014 \u00bfRazonando se entiende la gente?\" src=\"https:\/\/www.agustinbarahona.com\/blog\/es-inviable-un-delito-contra-los-sentimientos-religiosos\/embed\/#?secret=sLw9pNrZ8i#?secret=PJ5pZm5rdD\" data-secret=\"PJ5pZm5rdD\" width=\"500\" height=\"282\" frameborder=\"0\" marginwidth=\"0\" marginheight=\"0\" scrolling=\"no\"><\/iframe><\/p>\n<blockquote class=\"wp-embedded-content\" data-secret=\"RH1TSZYoJq\"><p><a href=\"https:\/\/www.agustinbarahona.com\/blog\/los-limites-de-la-libertad-de-expresion\/\">Los l\u00edmites de la libertad de expresi\u00f3n<\/a><\/p><\/blockquote>\n<p><iframe loading=\"lazy\" class=\"wp-embedded-content\" sandbox=\"allow-scripts\" security=\"restricted\" style=\"position: absolute; visibility: hidden;\" title=\"\u00abLos l\u00edmites de la libertad de expresi\u00f3n\u00bb \u2014 \u00bfRazonando se entiende la gente?\" src=\"https:\/\/www.agustinbarahona.com\/blog\/los-limites-de-la-libertad-de-expresion\/embed\/#?secret=SDSF3c7FxF#?secret=RH1TSZYoJq\" data-secret=\"RH1TSZYoJq\" width=\"500\" height=\"282\" frameborder=\"0\" marginwidth=\"0\" marginheight=\"0\" scrolling=\"no\"><\/iframe><\/p>\n<p><a href=\"http:\/\/cultura.elpais.com\/cultura\/2017\/04\/13\/actualidad\/1492107162_872898.html\">Por los clavos de Cristo [Elvira Lindo]<\/a><\/p>\n<p>_____________________<br \/>\n<em>Actualizaci\u00f3n: He formulado as\u00ed el texto por cortes\u00eda p\u00fablica. Pero desde mi punto de vista deber\u00eda decir: \u00ablo \u00fanico que quiere decir en la pr\u00e1ctica realidad es que determinadas personas nos prohiben, apoy\u00e1ndose en un poder pol\u00edtico, que podamos criticar racionalmente sus propias irracionalidades\u00bb. Ya sabemos todos que las blasfemias eran m\u00e1s perseguidas en el <a href=\"https:\/\/es.wikipedia.org\/wiki\/Inquisici%C3%B3n_espa%C3%B1ola\">renacimiento<\/a>. Pero como nosotros no constru\u00edmos los estereotipos ni las palabras que representan como referentes determinadas realidades tanto en denotaci\u00f3n como &#8211;sobre todo&#8211; en connotaci\u00f3n, el concepto de medieval\/medievalizante se ha quedado como el que hoy usamos, aunque el t\u00e9rmino blasfemia sea una palabra griega cuyo contenido fue experimentando un desplazamiento sem\u00e1ntico hacia la idea que los religiosos acu\u00f1aron posteriormente y que la sociedad termin\u00f3 estarciendo e incluyendo en el concepto actual de \u00abmedieval\u00bb. En pocas palabras, <a href=\"https:\/\/es.wikipedia.org\/wiki\/Blasfemia_en_Espa%C3%B1a\">nuestro concepto de blasfemia<\/a> es el que se usaba en la edad media y que posteriormente sirvi\u00f3 como hab\u00eda servido anteriormente en la antig\u00fcedad jud\u00eda: para masacrar personas que hablaban en contra de las irracionalidades religiosas.<\/em><\/p>\n","protected":false},"excerpt":{"rendered":"<p>El concepto de blasfemia no parece muy civilizado ni l\u00f3gico. Es una idea medieval que lo \u00fanico que quiere decir en la pr\u00e1ctica realidad es que se prohibe a otros que puedan criticar racionalmente nuestras propias irracionalidades. [Agust\u00edn Barahona]<\/p>\n","protected":false},"author":1,"featured_media":0,"comment_status":"open","ping_status":"open","sticky":false,"template":"","format":"standard","meta":{"_monsterinsights_skip_tracking":false,"_monsterinsights_sitenote_active":false,"_monsterinsights_sitenote_note":"","_monsterinsights_sitenote_category":0,"_jetpack_memberships_contains_paid_content":false,"footnotes":""},"categories":[9,1,16,8],"tags":[36,18,65,43,42,45,33],"class_list":["post-4332","post","type-post","status-publish","format-standard","hentry","category-escritos-en-facebook","category-general","category-humanismo","category-reflexiones","tag-ciencia-2","tag-cultura","tag-educacion","tag-filosofia","tag-politica","tag-religion","tag-sistema"],"aioseo_notices":[],"jetpack_featured_media_url":"","jetpack_sharing_enabled":true,"_links":{"self":[{"href":"https:\/\/www.agustinbarahona.com\/blog\/wp-json\/wp\/v2\/posts\/4332","targetHints":{"allow":["GET"]}}],"collection":[{"href":"https:\/\/www.agustinbarahona.com\/blog\/wp-json\/wp\/v2\/posts"}],"about":[{"href":"https:\/\/www.agustinbarahona.com\/blog\/wp-json\/wp\/v2\/types\/post"}],"author":[{"embeddable":true,"href":"https:\/\/www.agustinbarahona.com\/blog\/wp-json\/wp\/v2\/users\/1"}],"replies":[{"embeddable":true,"href":"https:\/\/www.agustinbarahona.com\/blog\/wp-json\/wp\/v2\/comments?post=4332"}],"version-history":[{"count":22,"href":"https:\/\/www.agustinbarahona.com\/blog\/wp-json\/wp\/v2\/posts\/4332\/revisions"}],"predecessor-version":[{"id":6141,"href":"https:\/\/www.agustinbarahona.com\/blog\/wp-json\/wp\/v2\/posts\/4332\/revisions\/6141"}],"wp:attachment":[{"href":"https:\/\/www.agustinbarahona.com\/blog\/wp-json\/wp\/v2\/media?parent=4332"}],"wp:term":[{"taxonomy":"category","embeddable":true,"href":"https:\/\/www.agustinbarahona.com\/blog\/wp-json\/wp\/v2\/categories?post=4332"},{"taxonomy":"post_tag","embeddable":true,"href":"https:\/\/www.agustinbarahona.com\/blog\/wp-json\/wp\/v2\/tags?post=4332"}],"curies":[{"name":"wp","href":"https:\/\/api.w.org\/{rel}","templated":true}]}}