{"id":4559,"date":"2017-06-03T12:13:55","date_gmt":"2017-06-03T11:13:55","guid":{"rendered":"http:\/\/www.agustinbarahona.com\/blog\/?p=4559"},"modified":"2017-06-03T12:16:25","modified_gmt":"2017-06-03T11:16:25","slug":"que-hacer-ahora-con-el-fiscal-general-del-estado-y-con-otros","status":"publish","type":"post","link":"https:\/\/www.agustinbarahona.com\/blog\/que-hacer-ahora-con-el-fiscal-general-del-estado-y-con-otros\/","title":{"rendered":"\u00bfQu\u00e9 hacer ahora con el Fiscal General del Estado y otros vinculados?"},"content":{"rendered":"<p><img decoding=\"async\" class=\"aligncenter\" src=\"http:\/\/www.abc.es\/media\/espana\/2016\/11\/11\/maza-efe-U10108031595EIF--620x349@abc.jpg\" alt=\"El Gobierno propone a Jos\u00e9 Manuel Maza como nuevo fiscal general del Estado \" width=\"97%\" \/><\/p>\n<p><img decoding=\"async\" class=\"alignleft\" src=\"https:\/\/www.agustinbarahona.com\/blog\/wp-content\/uploads\/2014\/01\/Foto1.jpg\" width=\"25%\" \/>\u00abSi no se act\u00faa coherente y consistentemente con lo que ha hecho tambi\u00e9n el Fiscal General del Estado elegido como Maza del gobierno me temo que esto se va a poner cada vez peor. Y es l\u00f3gico, porque el grado de evidencia de la corrupci\u00f3n hace que<\/p>\n<p>1.- al no quedarle duda alguna al ciudadano de estar viviendo en un teatrillo de gui\u00f1ol<br \/>\n2.- donde no puede gobernar su vida porque le han robado el poder legislativo que le es privativo<br \/>\n3.- y adem\u00e1s recibe todos los palos y miserabilizaci\u00f3n<\/p>\n<p>los resultados de no tener ya nada que perder puedan mover y promover las desgracias inevitables que suceden en todos los pa\u00edses donde los ciudadanos se dieron cuenta de que la justicia es de cart\u00f3n piedra, desgracias que a nadie nos gustar\u00eda que le sucedieran a Espa\u00f1a \ud83d\ude41<\/p>\n<p>Dichas previsibles desgracias s\u00f3lo podr\u00edan pararse con el cumplimiento inmediato y honesto de la ley actual y con la inmediata creaci\u00f3n y puesta en marcha de un nuevo sistema que fuera realmente justo y pudiera demostrarse muy r\u00e1pido tanto que lo es como que se va a mantener si\u00e9ndolo al darse esas propias garant\u00edas en su mism\u00edsima instituci\u00f3n.<\/p>\n<p>No hay otra alternativa.\u00bb [Agust\u00edn Barahona]<\/p>\n<p>_______________________________<\/p>\n<blockquote><p>El m\u00e1ximo responsable de la Fiscal\u00eda ha anunciado la dimisi\u00f3n de Moix en una rueda de prensa sin preguntas. Ha sido breve pero intenso. En menos tiempo, es dif\u00edcil mentir m\u00e1s.<\/p><\/blockquote>\n<p>Origen: <em><a href=\"http:\/\/www.eldiario.es\/escolar\/mentiras-general-dimision-Manuel-Moix_6_649945008.html\">Las mentiras del fiscal general del Estado sobre la dimisi\u00f3n de Manuel Moix<\/a><\/em><\/p>\n<p>V\u00e9ase tambi\u00e9n: <a href=\"http:\/\/www.lasexta.com\/temas\/fiscal_general_del_estado-1\">Fiscal General del Estado<\/a>.<\/p>\n","protected":false},"excerpt":{"rendered":"<p>Si no se act\u00faa coherente y consistentemente con lo que ha hecho tambi\u00e9n el Fiscal General del Estado elegido como Maza del gobierno me temo que esto<\/p>\n","protected":false},"author":1,"featured_media":0,"comment_status":"open","ping_status":"open","sticky":false,"template":"","format":"standard","meta":{"_monsterinsights_skip_tracking":false,"_monsterinsights_sitenote_active":false,"_monsterinsights_sitenote_note":"","_monsterinsights_sitenote_category":0,"_jetpack_memberships_contains_paid_content":false,"footnotes":""},"categories":[16,8],"tags":[18,65,43,32,42,33],"class_list":["post-4559","post","type-post","status-publish","format-standard","hentry","category-humanismo","category-reflexiones","tag-cultura","tag-educacion","tag-filosofia","tag-justicia","tag-politica","tag-sistema"],"aioseo_notices":[],"jetpack_featured_media_url":"","jetpack_sharing_enabled":true,"_links":{"self":[{"href":"https:\/\/www.agustinbarahona.com\/blog\/wp-json\/wp\/v2\/posts\/4559","targetHints":{"allow":["GET"]}}],"collection":[{"href":"https:\/\/www.agustinbarahona.com\/blog\/wp-json\/wp\/v2\/posts"}],"about":[{"href":"https:\/\/www.agustinbarahona.com\/blog\/wp-json\/wp\/v2\/types\/post"}],"author":[{"embeddable":true,"href":"https:\/\/www.agustinbarahona.com\/blog\/wp-json\/wp\/v2\/users\/1"}],"replies":[{"embeddable":true,"href":"https:\/\/www.agustinbarahona.com\/blog\/wp-json\/wp\/v2\/comments?post=4559"}],"version-history":[{"count":4,"href":"https:\/\/www.agustinbarahona.com\/blog\/wp-json\/wp\/v2\/posts\/4559\/revisions"}],"predecessor-version":[{"id":4564,"href":"https:\/\/www.agustinbarahona.com\/blog\/wp-json\/wp\/v2\/posts\/4559\/revisions\/4564"}],"wp:attachment":[{"href":"https:\/\/www.agustinbarahona.com\/blog\/wp-json\/wp\/v2\/media?parent=4559"}],"wp:term":[{"taxonomy":"category","embeddable":true,"href":"https:\/\/www.agustinbarahona.com\/blog\/wp-json\/wp\/v2\/categories?post=4559"},{"taxonomy":"post_tag","embeddable":true,"href":"https:\/\/www.agustinbarahona.com\/blog\/wp-json\/wp\/v2\/tags?post=4559"}],"curies":[{"name":"wp","href":"https:\/\/api.w.org\/{rel}","templated":true}]}}