{"id":4842,"date":"2017-09-15T09:14:10","date_gmt":"2017-09-15T08:14:10","guid":{"rendered":"http:\/\/www.agustinbarahona.com\/blog\/?p=4842"},"modified":"2017-09-15T09:14:32","modified_gmt":"2017-09-15T08:14:32","slug":"de-verdad-no-existe-la-verdad","status":"publish","type":"post","link":"https:\/\/www.agustinbarahona.com\/blog\/de-verdad-no-existe-la-verdad\/","title":{"rendered":"\u00bfDe verdad no existe la verdad?"},"content":{"rendered":"<p><img decoding=\"async\" src=\"http:\/\/www.pensamientoscelebres.com\/frasesimagenes\/1esevidentequeexistelaverdadporqueelqueniegaqueexistelaverdad_32_tomasdeaquino.jpg\" alt=\" Es evidente que existe la verdad. Porque el que niega que existe la verdad, conoce que la verdad existe. Si, pues, no existe la verdad, es verdad que la verdad no existe \" width=\"97%\" \/><\/p>\n<p><img decoding=\"async\" class=\"alignleft\" src=\"https:\/\/www.agustinbarahona.com\/blog\/wp-content\/uploads\/2014\/01\/Foto1.jpg\" width=\"19%\" \/>\u00abPara corregir la err\u00f3nea formaci\u00f3n de quienes repiten el eslogan de que <i>no existe la verdad<\/i>, les recordar\u00e9 que sin la verdad no podr\u00edamos movernos ni tomar decisiones ni pr\u00e1cticamente conocer nada, porque la verdad, por mucho que sea algo en perpetuo estado de evoluci\u00f3n y cambio, como el propio universo en que se desenvuelve, <strong>***es aquello que no se puede negar racionalmente***<\/strong>.\u00bb [Agust\u00edn Barahona]<\/p>\n","protected":false},"excerpt":{"rendered":"<p>La verdad, en perpetuo estado de evoluci\u00f3n y cambio, como el propio universo en que se desenvuelve, es aquello que no se puede negar racionalmente.<\/p>\n","protected":false},"author":1,"featured_media":0,"comment_status":"open","ping_status":"open","sticky":false,"template":"","format":"standard","meta":{"_monsterinsights_skip_tracking":false,"_monsterinsights_sitenote_active":false,"_monsterinsights_sitenote_note":"","_monsterinsights_sitenote_category":0,"_jetpack_memberships_contains_paid_content":false,"footnotes":""},"categories":[16,8],"tags":[36,18,65,43],"class_list":["post-4842","post","type-post","status-publish","format-standard","hentry","category-humanismo","category-reflexiones","tag-ciencia-2","tag-cultura","tag-educacion","tag-filosofia"],"aioseo_notices":[],"jetpack_featured_media_url":"","jetpack_sharing_enabled":true,"_links":{"self":[{"href":"https:\/\/www.agustinbarahona.com\/blog\/wp-json\/wp\/v2\/posts\/4842","targetHints":{"allow":["GET"]}}],"collection":[{"href":"https:\/\/www.agustinbarahona.com\/blog\/wp-json\/wp\/v2\/posts"}],"about":[{"href":"https:\/\/www.agustinbarahona.com\/blog\/wp-json\/wp\/v2\/types\/post"}],"author":[{"embeddable":true,"href":"https:\/\/www.agustinbarahona.com\/blog\/wp-json\/wp\/v2\/users\/1"}],"replies":[{"embeddable":true,"href":"https:\/\/www.agustinbarahona.com\/blog\/wp-json\/wp\/v2\/comments?post=4842"}],"version-history":[{"count":1,"href":"https:\/\/www.agustinbarahona.com\/blog\/wp-json\/wp\/v2\/posts\/4842\/revisions"}],"predecessor-version":[{"id":4843,"href":"https:\/\/www.agustinbarahona.com\/blog\/wp-json\/wp\/v2\/posts\/4842\/revisions\/4843"}],"wp:attachment":[{"href":"https:\/\/www.agustinbarahona.com\/blog\/wp-json\/wp\/v2\/media?parent=4842"}],"wp:term":[{"taxonomy":"category","embeddable":true,"href":"https:\/\/www.agustinbarahona.com\/blog\/wp-json\/wp\/v2\/categories?post=4842"},{"taxonomy":"post_tag","embeddable":true,"href":"https:\/\/www.agustinbarahona.com\/blog\/wp-json\/wp\/v2\/tags?post=4842"}],"curies":[{"name":"wp","href":"https:\/\/api.w.org\/{rel}","templated":true}]}}