{"id":4895,"date":"2017-09-26T12:11:44","date_gmt":"2017-09-26T11:11:44","guid":{"rendered":"http:\/\/www.agustinbarahona.com\/blog\/?p=4895"},"modified":"2023-09-08T22:12:14","modified_gmt":"2023-09-08T21:12:14","slug":"devuelvannos-el-poder-legislativo-que-nos-corresponde","status":"publish","type":"post","link":"https:\/\/www.agustinbarahona.com\/blog\/devuelvannos-el-poder-legislativo-que-nos-corresponde\/","title":{"rendered":"DEVU\u00c9LVANNOS EL PODER LEGISLATIVO, QUE NOS CORRESPONDE:"},"content":{"rendered":"<div class=\"wp-block-image\">\n<figure class=\"alignleft\"><img decoding=\"async\" src=\"https:\/\/definicion.de\/wp-content\/uploads\/2013\/05\/poderlegislativo.jpg\" alt=\"Poder legislativo\"\/><\/figure>\n<\/div>\n\n\n<p class=\"has-white-color has-black-background-color has-text-color has-background\">\u00a1Devuelvan a la ciudadan\u00eda espa\u00f1ola m\u00e1s que preparada el Poder Legislativo que nos corresponde y ver\u00e1n c\u00f3mo los problemas de Espa\u00f1a disminuyen exponencialmente en brev\u00edsimo tiempo! \u00a1La nueva constituci\u00f3n no puede repetir este enga\u00f1o ni tantos otros! Reclamemos nuestro derecho mediante el art 92 de la actual constituci\u00f3n &#8211;aunque no sea vinculante, es el modo de anunciarnos dejando claro lo que queremos y, sobre todo, por qu\u00e9&#8211;. Los supuestos \u00abrepresentantes\u00bb, que ni representan ni cumplen legalmente lo que se promete representar ni tiene consecuencia alguna el que no lo hagan,<strong> ***no son la soluci\u00f3n sino el problema***<\/strong>. \u00bfTodav\u00eda no os hab\u00e9is dado cuenta?<br \/><br \/>[Agust\u00edn Barahona]<\/p>\n\n\n\n<p>Ni siquiera ser\u00edamos pioneros. Ya hay pa\u00edses muy avanzados en gesti\u00f3n pol\u00edtica \u2013Liechtenstein y Suiza, por ejemplo\u2013 que llevan much\u00edsimo tiempo con el poder legislativo realmente separado del ejecutivo y el judicial, en manos de su ciudadan\u00eda, garantizando as\u00ed la independencia funcional de al menos esos tres pilares del estado. Si se quisieran hacer las cosas bien ser\u00eda mucho m\u00e1s f\u00e1cil hacerlas de lo que a la gente se le hace creer habitualmente.<\/p>\n\n\n\n<p>Hay muchas formas de viabilizar lo que digo, no s\u00f3lo una, como algunos piensan. Por ejemplo, una de las m\u00e1s f\u00e1ciles ser\u00eda impedir que los partidos pol\u00edticos pudieran seguir gobernando como tales y que quienes participasen optando a formar parte de la colegiatura t\u00e9cnica del legislativo lo hiciesen a titulo personal con las garant\u00edas de su experiencia profesional demostrada, a manera de las tan cacareadas listas abiertas pero yendo mucho m\u00e1s all\u00e1, anulando el poder de los partidos pol\u00edticos y el despilfarro e injusticia que institu\u00edmos al permitirles todos los desmanes en que se rebozan a diario. Realmente no nos hacen falta los partidos pol\u00edticos, s\u00f3lo nos hacen falta profesionales que respondan directamente con su responsabilidad civil y penal de su <em>expertise<\/em> y eficacia. Hablo de cosas que no habr\u00eda que pensar desde cero, porque ya est\u00e1n funcionando perfectamente en otras partes del mundo.<\/p>\n","protected":false},"excerpt":{"rendered":"<p>\u00a1Devuelvan a la ciudadan\u00eda espa\u00f1ola m\u00e1s que preparada el Poder Legislativo que nos corresponde y ver\u00e1n c\u00f3mo los problemas de Espa\u00f1a disminuyen exponencialmente en brev\u00edsimo tiempo! \u00a1La nueva constituci\u00f3n no puede repetir este enga\u00f1o ni tantos otros! Reclamemos nuestro derecho mediante el art 92 de la actual constituci\u00f3n &#8211;aunque no sea vinculante, es el modo [&hellip;]<\/p>\n","protected":false},"author":1,"featured_media":0,"comment_status":"open","ping_status":"open","sticky":false,"template":"","format":"standard","meta":{"_monsterinsights_skip_tracking":false,"_monsterinsights_sitenote_active":false,"_monsterinsights_sitenote_note":"","_monsterinsights_sitenote_category":0,"_jetpack_memberships_contains_paid_content":false,"footnotes":""},"categories":[9,16,8],"tags":[65,43,32,42,33],"class_list":["post-4895","post","type-post","status-publish","format-standard","hentry","category-escritos-en-facebook","category-humanismo","category-reflexiones","tag-educacion","tag-filosofia","tag-justicia","tag-politica","tag-sistema"],"aioseo_notices":[],"jetpack_featured_media_url":"","jetpack_sharing_enabled":true,"_links":{"self":[{"href":"https:\/\/www.agustinbarahona.com\/blog\/wp-json\/wp\/v2\/posts\/4895","targetHints":{"allow":["GET"]}}],"collection":[{"href":"https:\/\/www.agustinbarahona.com\/blog\/wp-json\/wp\/v2\/posts"}],"about":[{"href":"https:\/\/www.agustinbarahona.com\/blog\/wp-json\/wp\/v2\/types\/post"}],"author":[{"embeddable":true,"href":"https:\/\/www.agustinbarahona.com\/blog\/wp-json\/wp\/v2\/users\/1"}],"replies":[{"embeddable":true,"href":"https:\/\/www.agustinbarahona.com\/blog\/wp-json\/wp\/v2\/comments?post=4895"}],"version-history":[{"count":10,"href":"https:\/\/www.agustinbarahona.com\/blog\/wp-json\/wp\/v2\/posts\/4895\/revisions"}],"predecessor-version":[{"id":9464,"href":"https:\/\/www.agustinbarahona.com\/blog\/wp-json\/wp\/v2\/posts\/4895\/revisions\/9464"}],"wp:attachment":[{"href":"https:\/\/www.agustinbarahona.com\/blog\/wp-json\/wp\/v2\/media?parent=4895"}],"wp:term":[{"taxonomy":"category","embeddable":true,"href":"https:\/\/www.agustinbarahona.com\/blog\/wp-json\/wp\/v2\/categories?post=4895"},{"taxonomy":"post_tag","embeddable":true,"href":"https:\/\/www.agustinbarahona.com\/blog\/wp-json\/wp\/v2\/tags?post=4895"}],"curies":[{"name":"wp","href":"https:\/\/api.w.org\/{rel}","templated":true}]}}