{"id":5016,"date":"2017-10-09T08:52:28","date_gmt":"2017-10-09T07:52:28","guid":{"rendered":"http:\/\/www.agustinbarahona.com\/blog\/?p=5016"},"modified":"2017-10-09T08:52:50","modified_gmt":"2017-10-09T07:52:50","slug":"las-independencias-pueden-ser-simbolicas","status":"publish","type":"post","link":"https:\/\/www.agustinbarahona.com\/blog\/las-independencias-pueden-ser-simbolicas\/","title":{"rendered":"\u00bfLas independencias pueden ser simb\u00f3licas?"},"content":{"rendered":"<p><img decoding=\"async\" class=\"aligncenter\" src=\"http:\/\/s03.s3c.es\/imag\/_v0\/770x420\/1\/8\/7\/Carlos-Puigdemont-770.jpg\" alt=\"Carlos-Puigdemont-770.jpg\" width=\"97%\" \/><\/p>\n<p><img decoding=\"async\" class=\"alignleft\" src=\"https:\/\/www.agustinbarahona.com\/blog\/wp-content\/uploads\/2014\/01\/Foto1.jpg\" width=\"19%\" \/>\u00abLas independencias no pueden ser simb\u00f3licas, en ese caso <span style=\"text-decoration: underline;\">son simplemente\u00a0<\/span><em><span style=\"text-decoration: underline;\">sin bolicas<\/span>.\u00a0<\/em>No os preocup\u00e9is, <em>queridos amigos ilegalistas<\/em>, que si hac\u00e9is una declaraci\u00f3n de independencia simb\u00f3lica <strong>el Estado har\u00e1 tambi\u00e9n una aplicaci\u00f3n simb\u00f3lica del 155, 116 o LSN<\/strong>. \u00bb [Agust\u00edn Barahona]<\/p>\n","protected":false},"excerpt":{"rendered":"<p>Las independencias no pueden ser simb\u00f3licas, en ese caso son \u00absin bolicas\u00bb.<\/p>\n","protected":false},"author":1,"featured_media":0,"comment_status":"open","ping_status":"open","sticky":false,"template":"","format":"standard","meta":{"_monsterinsights_skip_tracking":false,"_monsterinsights_sitenote_active":false,"_monsterinsights_sitenote_note":"","_monsterinsights_sitenote_category":0,"_jetpack_memberships_contains_paid_content":false,"footnotes":""},"categories":[16,8],"tags":[18,65,43,32,42,33],"class_list":["post-5016","post","type-post","status-publish","format-standard","hentry","category-humanismo","category-reflexiones","tag-cultura","tag-educacion","tag-filosofia","tag-justicia","tag-politica","tag-sistema"],"aioseo_notices":[],"jetpack_featured_media_url":"","jetpack_sharing_enabled":true,"_links":{"self":[{"href":"https:\/\/www.agustinbarahona.com\/blog\/wp-json\/wp\/v2\/posts\/5016","targetHints":{"allow":["GET"]}}],"collection":[{"href":"https:\/\/www.agustinbarahona.com\/blog\/wp-json\/wp\/v2\/posts"}],"about":[{"href":"https:\/\/www.agustinbarahona.com\/blog\/wp-json\/wp\/v2\/types\/post"}],"author":[{"embeddable":true,"href":"https:\/\/www.agustinbarahona.com\/blog\/wp-json\/wp\/v2\/users\/1"}],"replies":[{"embeddable":true,"href":"https:\/\/www.agustinbarahona.com\/blog\/wp-json\/wp\/v2\/comments?post=5016"}],"version-history":[{"count":1,"href":"https:\/\/www.agustinbarahona.com\/blog\/wp-json\/wp\/v2\/posts\/5016\/revisions"}],"predecessor-version":[{"id":5017,"href":"https:\/\/www.agustinbarahona.com\/blog\/wp-json\/wp\/v2\/posts\/5016\/revisions\/5017"}],"wp:attachment":[{"href":"https:\/\/www.agustinbarahona.com\/blog\/wp-json\/wp\/v2\/media?parent=5016"}],"wp:term":[{"taxonomy":"category","embeddable":true,"href":"https:\/\/www.agustinbarahona.com\/blog\/wp-json\/wp\/v2\/categories?post=5016"},{"taxonomy":"post_tag","embeddable":true,"href":"https:\/\/www.agustinbarahona.com\/blog\/wp-json\/wp\/v2\/tags?post=5016"}],"curies":[{"name":"wp","href":"https:\/\/api.w.org\/{rel}","templated":true}]}}