{"id":5216,"date":"2017-10-22T23:24:07","date_gmt":"2017-10-22T22:24:07","guid":{"rendered":"http:\/\/www.agustinbarahona.com\/blog\/?p=5216"},"modified":"2017-10-22T23:38:20","modified_gmt":"2017-10-22T22:38:20","slug":"la-transparencia-de-los-bellacos-que-venderian-a-su-madre-por-votos","status":"publish","type":"post","link":"https:\/\/www.agustinbarahona.com\/blog\/la-transparencia-de-los-bellacos-que-venderian-a-su-madre-por-votos\/","title":{"rendered":"LA TRANSPARENCIA DE LOS BELLACOS QUE VENDER\u00cdAN A SU MADRE POR VOTOS"},"content":{"rendered":"<p><img decoding=\"async\" src=\"http:\/\/www.valonmano.com\/wp-content\/uploads\/2015\/09\/Catalu%C3%B1a-es-Espa%C3%B1a-y-Espa%C3%B1a-es-Catalu%C3%B1a2-600x206.jpg\" width=\"97%\" \/><\/p>\n<p><img decoding=\"async\" class=\"alignleft\" src=\"https:\/\/www.agustinbarahona.com\/blog\/wp-content\/uploads\/2014\/01\/Foto1.jpg\" width=\"19%\" \/><strong>LA TRANSPARENCIA DE LOS BELLACOS QUE VENDER\u00cdAN A SU MADRE POR VOTOS<\/strong><\/p>\n<p>\u00ab\u00bfQu\u00e9 tipo de idea o formaci\u00f3n real tendr\u00e1 Iglesias de lo que es la legalidad para que diga que aplicarla \u00abno muestra autoridad\u00bb &#8211;como si alguien pretendiera esto al aplicarla en lugar de proteger al ciudadano honesto&#8211; sino incapacidad para buscar soluciones &#8211;\u00bfse negocian soluciones con los ladrones o se los caza y enchirona?&#8211; y que eso <em>aleja m\u00e1s a Catalu\u00f1a de Espa\u00f1a<\/em>, <strong>***como si, adem\u00e1s, Catalu\u00f1a fuera la minor\u00eda ilegalista, separatista e irracional que ha dado el golpe de estado a c\u00e1mara lenta y al que han estado respondiendo a c\u00e1mara lenta***<\/strong>.<\/p>\n<p>Enfrentando a los delincuentes a la justicia lo que se hace es restituir la legalidad vigente y proteger a la mayor\u00eda de catalanes honestos con los que Iglesias parece no ya no contar para nada, sino que finge en sus declaraciones que no existen. Es sorprendente comprobar que no dedica ni una sola condena al golpe de estado constante, progresivo y a c\u00e1mara lenta que la Generalitat ha estado perpetrando contra los ciudadanos espa\u00f1oles durante a\u00f1os y culminado en la cantidad ingente de rebeldes y sediciosos delitos acometidos desde que entramos en septiembre. \u00bfPor qu\u00e9 ser\u00e1?<\/p>\n<p>Est\u00e1 comprobado que algunos, muchos, no tienen verg\u00fcenza en decir y hacer cualquier memez con tal de sacarle r\u00e9dito electoral.<\/p>\n<p>Hasta llegar la rebeli\u00f3n secesionista la gente se met\u00eda con Podemos sin saber ni de lo que \u00e9stos hablaban, con repugnantes tretas que les sal\u00edan siempre mal por ser deshonestos creyendo que <em>todo vale<\/em>\u00a0contra el que consideran su enemigo. Pero con todo lo que ha hecho Podemos en esta crisis catalana ya no va a hacer m\u00e1s falta a sus enemigos que tengan que buscar excusas repugnantes porque <strong>ahora son los hechos los que son repugnantes<\/strong> y se los van a pasar por la cara constantemente. Especialmente eso de decir que la aplicaci\u00f3n de la Constituci\u00f3n de 78 es acabar con la Constituci\u00f3n del 78, \u00a1oh, paradoja de las paradojas!, por no decir otra cosa. La hemeroteca los va a defenestrar, d\u00eda a d\u00eda.<\/p>\n<p>En fin, insisto, descanse en paz <em>Podemos<\/em>.\u00bb [Agust\u00edn Barahona]<\/p>\n","protected":false},"excerpt":{"rendered":"<p>Ahora son los hechos los que son repugnantes y se los van a pasar por la cara constantemente.<\/p>\n","protected":false},"author":1,"featured_media":0,"comment_status":"open","ping_status":"open","sticky":false,"template":"","format":"standard","meta":{"_monsterinsights_skip_tracking":false,"_monsterinsights_sitenote_active":false,"_monsterinsights_sitenote_note":"","_monsterinsights_sitenote_category":0,"_jetpack_memberships_contains_paid_content":false,"footnotes":""},"categories":[9,16,8],"tags":[18,65,43,32,42,21,33],"class_list":["post-5216","post","type-post","status-publish","format-standard","hentry","category-escritos-en-facebook","category-humanismo","category-reflexiones","tag-cultura","tag-educacion","tag-filosofia","tag-justicia","tag-politica","tag-sensibilidad","tag-sistema"],"aioseo_notices":[],"jetpack_featured_media_url":"","jetpack_sharing_enabled":true,"_links":{"self":[{"href":"https:\/\/www.agustinbarahona.com\/blog\/wp-json\/wp\/v2\/posts\/5216","targetHints":{"allow":["GET"]}}],"collection":[{"href":"https:\/\/www.agustinbarahona.com\/blog\/wp-json\/wp\/v2\/posts"}],"about":[{"href":"https:\/\/www.agustinbarahona.com\/blog\/wp-json\/wp\/v2\/types\/post"}],"author":[{"embeddable":true,"href":"https:\/\/www.agustinbarahona.com\/blog\/wp-json\/wp\/v2\/users\/1"}],"replies":[{"embeddable":true,"href":"https:\/\/www.agustinbarahona.com\/blog\/wp-json\/wp\/v2\/comments?post=5216"}],"version-history":[{"count":9,"href":"https:\/\/www.agustinbarahona.com\/blog\/wp-json\/wp\/v2\/posts\/5216\/revisions"}],"predecessor-version":[{"id":5225,"href":"https:\/\/www.agustinbarahona.com\/blog\/wp-json\/wp\/v2\/posts\/5216\/revisions\/5225"}],"wp:attachment":[{"href":"https:\/\/www.agustinbarahona.com\/blog\/wp-json\/wp\/v2\/media?parent=5216"}],"wp:term":[{"taxonomy":"category","embeddable":true,"href":"https:\/\/www.agustinbarahona.com\/blog\/wp-json\/wp\/v2\/categories?post=5216"},{"taxonomy":"post_tag","embeddable":true,"href":"https:\/\/www.agustinbarahona.com\/blog\/wp-json\/wp\/v2\/tags?post=5216"}],"curies":[{"name":"wp","href":"https:\/\/api.w.org\/{rel}","templated":true}]}}