{"id":5520,"date":"2018-02-14T18:00:23","date_gmt":"2018-02-14T17:00:23","guid":{"rendered":"http:\/\/www.agustinbarahona.com\/blog\/?p=5520"},"modified":"2018-02-14T18:00:54","modified_gmt":"2018-02-14T17:00:54","slug":"cual-es-el-real-problema-de-fondo-en-el-mundo","status":"publish","type":"post","link":"https:\/\/www.agustinbarahona.com\/blog\/cual-es-el-real-problema-de-fondo-en-el-mundo\/","title":{"rendered":"\u00bfCu\u00e1l es el real problema de fondo en el mundo?"},"content":{"rendered":"<p><img decoding=\"async\" class=\"aligncenter\" src=\"https:\/\/joelheraklion.files.wordpress.com\/2015\/12\/mito-de-la-caverna-de-platc3b3n.jpg\" width=\"97%\" \/><\/p>\n<p><img decoding=\"async\" class=\"alignnone size-medium wp-image-65 alignleft\" src=\"https:\/\/www.agustinbarahona.com\/blog\/wp-content\/uploads\/2014\/01\/Foto1-300x277.jpg\" alt=\"Agust\u00edn Barahona\" width=\"19%\" \/>\u00abEl problema de fondo, el <strong>***principal***<\/strong> es que alguien nos convenci\u00f3 cuando \u00e9ramos peque\u00f1os de que el mundo lo cambian otras personas distintas a nosotros; pero si uno mira la historia eso <strong>***jam\u00e1s***<\/strong> ha sido as\u00ed.<\/p>\n<p>O cambiamos <strong>***directamente***<\/strong> el mundo nosotros mismos tomando nuestra parte activa de responsabilidad en la vida de la <em>polis<\/em> ciudadana o siempre habr\u00e1 hueco para que los que no deben usar nuestro vac\u00edo lo usen para todo tipo de canalladas.<\/p>\n<p><strong>\u00c9se es el real problema de fondo en todo<\/strong>.<\/p>\n<p>Por eso quienes tenemos una voz en el mundo del arte y la cultura, y quiz\u00e1 por ello en los medios de comunicaci\u00f3n, <strong>debemos ser impecables e implacables<\/strong>.\u00bb [Agust\u00edn Barahona]<\/p>\n","protected":false},"excerpt":{"rendered":"<p>quienes tenemos una voz en el mundo del arte y la cultura, y quiz\u00e1 por ello en los medios de comunicaci\u00f3n, debemos ser impecables e implacables.<\/p>\n","protected":false},"author":1,"featured_media":0,"comment_status":"open","ping_status":"open","sticky":false,"template":"","format":"standard","meta":{"_monsterinsights_skip_tracking":false,"_monsterinsights_sitenote_active":false,"_monsterinsights_sitenote_note":"","_monsterinsights_sitenote_category":0,"_jetpack_memberships_contains_paid_content":false,"footnotes":""},"categories":[16,8],"tags":[18,65,43,32,42,33],"class_list":["post-5520","post","type-post","status-publish","format-standard","hentry","category-humanismo","category-reflexiones","tag-cultura","tag-educacion","tag-filosofia","tag-justicia","tag-politica","tag-sistema"],"aioseo_notices":[],"jetpack_featured_media_url":"","jetpack_sharing_enabled":true,"_links":{"self":[{"href":"https:\/\/www.agustinbarahona.com\/blog\/wp-json\/wp\/v2\/posts\/5520","targetHints":{"allow":["GET"]}}],"collection":[{"href":"https:\/\/www.agustinbarahona.com\/blog\/wp-json\/wp\/v2\/posts"}],"about":[{"href":"https:\/\/www.agustinbarahona.com\/blog\/wp-json\/wp\/v2\/types\/post"}],"author":[{"embeddable":true,"href":"https:\/\/www.agustinbarahona.com\/blog\/wp-json\/wp\/v2\/users\/1"}],"replies":[{"embeddable":true,"href":"https:\/\/www.agustinbarahona.com\/blog\/wp-json\/wp\/v2\/comments?post=5520"}],"version-history":[{"count":2,"href":"https:\/\/www.agustinbarahona.com\/blog\/wp-json\/wp\/v2\/posts\/5520\/revisions"}],"predecessor-version":[{"id":5524,"href":"https:\/\/www.agustinbarahona.com\/blog\/wp-json\/wp\/v2\/posts\/5520\/revisions\/5524"}],"wp:attachment":[{"href":"https:\/\/www.agustinbarahona.com\/blog\/wp-json\/wp\/v2\/media?parent=5520"}],"wp:term":[{"taxonomy":"category","embeddable":true,"href":"https:\/\/www.agustinbarahona.com\/blog\/wp-json\/wp\/v2\/categories?post=5520"},{"taxonomy":"post_tag","embeddable":true,"href":"https:\/\/www.agustinbarahona.com\/blog\/wp-json\/wp\/v2\/tags?post=5520"}],"curies":[{"name":"wp","href":"https:\/\/api.w.org\/{rel}","templated":true}]}}