{"id":5924,"date":"2018-03-25T21:29:36","date_gmt":"2018-03-25T20:29:36","guid":{"rendered":"http:\/\/www.agustinbarahona.com\/blog\/?p=5924"},"modified":"2018-03-25T21:30:18","modified_gmt":"2018-03-25T20:30:18","slug":"la-situacion-catalana-a-la-fecha","status":"publish","type":"post","link":"https:\/\/www.agustinbarahona.com\/blog\/la-situacion-catalana-a-la-fecha\/","title":{"rendered":"La situaci\u00f3n catalana a la fecha"},"content":{"rendered":"<p><img decoding=\"async\" class=\"aligncenter\" src=\"http:\/\/blog.sorteopremios.com\/wp-content\/uploads\/2014\/10\/catalan-ruina.png\" alt=\"Haber nacido en Catalu\u00f1a es haber nacido en la ruina\" width=\"97%\" \/><\/p>\n<p><img decoding=\"async\" class=\"alignnone size-medium wp-image-65 alignleft\" src=\"https:\/\/www.agustinbarahona.com\/blog\/wp-content\/uploads\/2014\/01\/Foto1-300x277.jpg\" alt=\"Agust\u00edn Barahona\" width=\"19%\" \/>\u00abMe he encontrado en las redes sociales textos rid\u00edculos en torno a este tema. Uno de ellos, de una tal Carmen Tasc\u00f3n, dice literalmente: <em>El \u00fanico objetivo del PP es humillar al pueblo catal\u00e1n. El gobierno est\u00e1 haciendo el rid\u00edculo ante el mundo<\/em>. Tras esto se supone que deber\u00eda haber habido un debate sobre tal afirmaci\u00f3n improbada e improbable, pero adem\u00e1s de un mont\u00f3n de insultos a varias personas por argumentar que no era cierta la afirmaci\u00f3n de cabecera s\u00f3lo hab\u00eda un mont\u00f3n de arengas meti\u00e9ndose con el PP por motivos equivocados &#8211;\u00a1con la cantidad de motivos acertados que hay!&#8211;, lo cual desvirt\u00faa la realidad y puede ser contraproducente porque el PP podr\u00eda salir bien parado al demostrarse que est\u00e1n equivocados y as\u00ed hacerse la v\u00edctima, tal como ellos mismos vienen haciendo con Podemos.<\/p>\n<p>Como una conocida de Facebook a la que insultaban all\u00ed por decir la verdad me pidi\u00f3 ayuda para que diera mi versi\u00f3n argumentada de los hechos as\u00ed lo hice. Y paso a copiar mi escrito en mi blog, para que no pueda perderse.<\/p>\n<p>&#8212;&#8212;&#8212;&#8211;<\/p>\n<p>Tras leer despacio todo el texto de este hilo y descubrir con sorpresa que en realidad no se ha producido debate, debo decir que lo que dice Carmen no es del todo cierto y es evidente que no lo es, porque de humillar a alguien en todo caso M. Rajoy habr\u00eda pretendido humillar a los separatistas y no a los constitucionalistas. Y por otro lado, cuando se cometen delitos hay que hacer que los delincuentes sean procesados y las normas espa\u00f1olas determinan en qu\u00e9 casos dichos delincuentes deben tener o no prisi\u00f3n cautelar. Otra cosa distinta es si esas normas son justas y particularmente creo que no lo son porque no son ni proporcionales ni graduales con el resto de las penas y multas que se establecen en el C\u00f3digo Penal quedando con un aspecto a veces arbitrario y caprichoso; aunque no es el estado del C.P. tema de este debate, por lo que d\u00e1ndolo por bueno las decisiones de los jueces hasta ahora est\u00e1n bien defendidas en sus respectivos autos y ya veremos qu\u00e9 se dice finalmente en las apelaciones, incluso en las del Derecho Europeo, si llega el caso.<\/p>\n<p>Cierto que, como se ha se\u00f1alado, la referencia a los derechos humanos de los que hablaba la ONU ya la ha retractado la propia instituci\u00f3n, que pec\u00f3 de c\u00e1ndida y cr\u00e9dula fi\u00e1ndose de los independentistas ilegalistas &#8211;no es la primera vez que a una instituci\u00f3n manifiestamente in\u00fatil y poblada de in\u00fatiles como \u00e9sa les pasa&#8211;, en lugar de consultar a juristas internacionales y locales para que les explicaran que la situaci\u00f3n real no ten\u00eda nada que ver con lo que dec\u00edan falsamente los manipuladores, ya que las normas que los espa\u00f1oles hemos aprobado te\u00f3ricamente &#8211;\u00e9ste es otro problema, porque no es cierto que las hayamos aprobado, ya que el Ejecutivo ha asumido nuestras funciones de un modo ileg\u00edtimo y manipulador desde la propia Constituci\u00f3n del 78 que est\u00e1 pervertida desde el primer momento&#8211; otorgan carta de legitimidad a todas las actuaciones judiciales finales habidas hasta ahora, por lo que la actuaci\u00f3n de los tribunales es impecable hasta el punto de que <strong>***incluso si actuaran movidos por intereses pol\u00edticos no habr\u00eda forma humana de reprocharles nada porque los mentecatos ilegalistas irracionalistas les han brindado en bandeja todos los argumentos para procesarlos y seguramente condenarlos***<\/strong>. \u00a1A qui\u00e9n se le ocurre hacer una \u00abroboluci\u00f3n\u00bb [sic] de la Srta Pepis y con dinero p\u00fablico!\u00a0Toda Europa tiene claro ya lo que sucedi\u00f3, aunque al principio los manipuladores generaron confusi\u00f3n con todo tipo de trucajes, cosa que, como vemos, ya no ha vuelto a poder repetirse porque ya los calaron &#8211;era un cartucho que s\u00f3lo pod\u00edan quemar una vez en una generaci\u00f3n&#8211;.<\/p>\n<p>Por otro lado, quienes est\u00e1n haciendo el m\u00e1s espantoso de los rid\u00edculos son los separatistas ilegalistas, que parecen, m\u00e1s que una banda, una desbandada con mentalidad de chavales de entre 12 a 14 a\u00f1os, plenamente adolescentes y usando el mismo <em>discurso<\/em>\u00a0emocional propio de estas edades sin que en \u00e9l exista o presenten argumento alguno que tenga alguna solidez o consistencia o que sea simplemente real, como decenas de personas ya se han apresurado a demostrar &#8211;y digo a <em>demostrar<\/em>, verbo que no es cualquier cosa&#8211;.<\/p>\n<p>Ning\u00fan juez espa\u00f1ol tiene potestad para nombrar presidente de la Generalitat. Por eso nunca lo han hecho, a pesar de que aqu\u00ed se ha dicho que s\u00ed. Para lo que s\u00ed tienen potestad es para cubrir provisionalmente dicha presidencia <strong>***en funciones***<\/strong> aplicando el art\u00edculo 155 de nuestra Constituci\u00f3n hasta que pueda haber una nueva presidencia ostentada por alguien que no sea un delincuente rebelde, como es l\u00f3gico y deseable, para lo cual se convocan elecciones lo antes posible, como as\u00ed fu\u00e9. Eso todos lo conoc\u00edamos &#8211;al menos los que nos hemos le\u00eddo la constituci\u00f3n y los que sabemos c\u00f3mo ha de funcionar por l\u00f3gica el derecho y un estado de derecho, es decir, un estado garantista&#8211; de antemano, en especial los delincuentes a los que est\u00e1n procesando.<\/p>\n<p>As\u00ed es como funcionan las democracias con su estado de derecho. Todo esto es incuestionable y de hecho no se puede hacer de ning\u00fan otro modo si no se quiere fragmentar un pa\u00eds en cientos de estados de delincuentes irredentos que traicionan sus propias leyes cada vez que a uno le diera la ventolera adolescente de decidir <em>ik\u00e9icamente\u00a0<\/em>irse para crear <em>la rep\u00fablica independiente de su casa<\/em>\u00a0pero rob\u00e1ndose <em>su<\/em>\u00a0habitaci\u00f3n. Tabarnia es un buen esperpento de lo implicar\u00eda hacer caso a la locura propuesta por los delincuentes rebeldes, aunque Tabarnia no era imprescindible para darse cuenta desde el primer segundo.<\/p>\n<p>En fin, \u00e9sta es mi humilde idea acerca de lo dicho en el encabezado, as\u00ed como los argumentos que la sostienen, por si a alguno le sirven de algo. Gracias.\u00bb [Agust\u00edn Barahona]<\/p>\n","protected":false},"excerpt":{"rendered":"<p>no se puede hacer de ning\u00fan otro modo si no se quiere fragmentar un pa\u00eds en cientos de estados de delincuentes irredentos que traicionan sus propias leyes<\/p>\n","protected":false},"author":1,"featured_media":0,"comment_status":"open","ping_status":"open","sticky":false,"template":"","format":"standard","meta":{"_monsterinsights_skip_tracking":false,"_monsterinsights_sitenote_active":false,"_monsterinsights_sitenote_note":"","_monsterinsights_sitenote_category":0,"_jetpack_memberships_contains_paid_content":false,"footnotes":""},"categories":[9,16,8],"tags":[18,65,43,32,42,33],"class_list":["post-5924","post","type-post","status-publish","format-standard","hentry","category-escritos-en-facebook","category-humanismo","category-reflexiones","tag-cultura","tag-educacion","tag-filosofia","tag-justicia","tag-politica","tag-sistema"],"aioseo_notices":[],"jetpack_featured_media_url":"","jetpack_sharing_enabled":true,"_links":{"self":[{"href":"https:\/\/www.agustinbarahona.com\/blog\/wp-json\/wp\/v2\/posts\/5924","targetHints":{"allow":["GET"]}}],"collection":[{"href":"https:\/\/www.agustinbarahona.com\/blog\/wp-json\/wp\/v2\/posts"}],"about":[{"href":"https:\/\/www.agustinbarahona.com\/blog\/wp-json\/wp\/v2\/types\/post"}],"author":[{"embeddable":true,"href":"https:\/\/www.agustinbarahona.com\/blog\/wp-json\/wp\/v2\/users\/1"}],"replies":[{"embeddable":true,"href":"https:\/\/www.agustinbarahona.com\/blog\/wp-json\/wp\/v2\/comments?post=5924"}],"version-history":[{"count":2,"href":"https:\/\/www.agustinbarahona.com\/blog\/wp-json\/wp\/v2\/posts\/5924\/revisions"}],"predecessor-version":[{"id":5926,"href":"https:\/\/www.agustinbarahona.com\/blog\/wp-json\/wp\/v2\/posts\/5924\/revisions\/5926"}],"wp:attachment":[{"href":"https:\/\/www.agustinbarahona.com\/blog\/wp-json\/wp\/v2\/media?parent=5924"}],"wp:term":[{"taxonomy":"category","embeddable":true,"href":"https:\/\/www.agustinbarahona.com\/blog\/wp-json\/wp\/v2\/categories?post=5924"},{"taxonomy":"post_tag","embeddable":true,"href":"https:\/\/www.agustinbarahona.com\/blog\/wp-json\/wp\/v2\/tags?post=5924"}],"curies":[{"name":"wp","href":"https:\/\/api.w.org\/{rel}","templated":true}]}}