{"id":6047,"date":"2018-04-12T12:04:57","date_gmt":"2018-04-12T11:04:57","guid":{"rendered":"http:\/\/www.agustinbarahona.com\/blog\/?p=6047"},"modified":"2018-04-12T12:41:56","modified_gmt":"2018-04-12T11:41:56","slug":"8-el-problema-con-ser-permisivo-en-justicia-es-que-agustin-barahona","status":"publish","type":"post","link":"https:\/\/www.agustinbarahona.com\/blog\/8-el-problema-con-ser-permisivo-en-justicia-es-que-agustin-barahona\/","title":{"rendered":"El problema con ser permisivo en justicia es que se es injusto y cuando despu\u00e9s se es justo parece una exageraci\u00f3n."},"content":{"rendered":"<p><big><img decoding=\"async\" class=\"aligncenter\" src=\"https:\/\/image.slidesharecdn.com\/sergio-lopez-151204004842-lva1-app6892\/95\/el-terrorismo-que-es-4-1024.jpg?cb=1449190182\" alt=\"QUE ES EL TERRORISMO? El terrorismo es la dominaci\u00f3n por medio del terror, el control que se busca a partir de actos viole...\" width=\"97%\" \/><\/big><\/p>\n<p><big><img decoding=\"async\" class=\"size-medium wp-image-6023 alignleft\" src=\"https:\/\/www.agustinbarahona.com\/blog\/wp-content\/uploads\/Foto1-300x277-300x277.jpg\" alt=\"\" width=\"19%\" \/><\/big><big><strong>El problema con ser permisivo en justicia es que se es injusto y cuando despu\u00e9s se es justo parece una exageraci\u00f3n.<\/strong><\/big><\/p>\n<p>\u00abComo veo que hay much\u00edsima gente hablando por la internet que no se lo conoce, facilito aqu\u00ed el texto de este art\u00edculo del C\u00d3DIGO PENAL (que todo el mundo deber\u00eda haberse le\u00eddo al menos una vez):<\/p>\n<p><em>\u00abDe los delitos de terrorismo<\/em><\/p>\n<p>Art\u00edculo 573<\/p>\n<p>1. Se considerar\u00e1n delito de terrorismo la comisi\u00f3n de cualquier delito grave contra la vida o la integridad f\u00edsica, la libertad, la integridad moral, la libertad e indemnidad sexuales, el patrimonio, los recursos naturales o el medio ambiente, la salud p\u00fablica, de riesgo catastr\u00f3fico, incendio, contra la Corona, de atentado y tenencia, tr\u00e1fico y dep\u00f3sito de armas, municiones o explosivos, previstos en el presente C\u00f3digo, y el apoderamiento de aeronaves, buques u otros medios de transporte colectivo o de mercanc\u00edas, cuando se llevaran a cabo con cualquiera de las siguientes finalidades:<\/p>\n<p>1.\u00aa Subvertir el orden constitucional, o suprimir o desestabilizar gravemente el funcionamiento de las instituciones pol\u00edticas o de las estructuras econ\u00f3micas o sociales del Estado, u obligar a los poderes p\u00fablicos a realizar un acto o a abstenerse de hacerlo.<br \/>\n2.\u00aa Alterar gravemente la paz p\u00fablica.<br \/>\n3.\u00aa Desestabilizar gravemente el funcionamiento de una organizaci\u00f3n internacional.<br \/>\n4.\u00aa Provocar un estado de terror en la poblaci\u00f3n o en una parte de ella.<br \/>\n2. Se considerar\u00e1n igualmente delitos de terrorismo los delitos inform\u00e1ticos tipificados en los art\u00edculos 197 bis y 197 ter y 264 a 264 quater cuando los hechos se cometan con alguna de las finalidades a las que se refiere el apartado anterior.<\/p>\n<p>3. Asimismo, tendr\u00e1n la consideraci\u00f3n de delitos de terrorismo el resto de los delitos tipificados en este Cap\u00edtulo.<\/p>\n<p>Cap\u00edtulo VII del t\u00edtulo XXII del libro II redactado por el art\u00edculo \u00fanico de la L.O. 2\/2015, de 30 de marzo, por la que se modifica la L.O. 10\/1995, de 23 de noviembre, del C\u00f3digo Penal, en materia de delitos de terrorismo (\u00abB.O.E.\u00bb 31 marzo).Vigencia: 1 julio 2015\u00bb<\/p>\n<p>Es decir, el legislador hizo un planteamiento maximalista del delito de terrorismo, que es el que siempre ha existido en la historia, por mucho que en Espa\u00f1a s\u00f3lo tuvi\u00e9ramos conciencia social de la parte de delito de terrorismo referido al realizado con armas. Pero es obvio que el terror no s\u00f3lo se provoca con armas.<\/p>\n<p>El problema no es que sea pues ilegal la consideraci\u00f3n de terrorismo que se hace de las cosas que se est\u00e1n haciendo en Catalu\u00f1a, como todo el mundo ahora ya habr\u00e1 podido comprobar &#8211;y espero que no me vuelvan a utilizar el argumento de que es ilegal&#8211;. No, el problema no es \u00e9se. El problema es el que denuncio en cabecera, es decir, la arbitrariedad con que se consideran o no delito de terrorismo cosas que seg\u00fan el c\u00f3digo penal lo son, porque <strong>seg\u00fan este art\u00edculo muchas otras cosas m\u00e1s deber\u00edan ser encausadas como delito de terrorismo<\/strong>\u00a0&#8211;compru\u00e9bese&#8211;, como por ejemplo <strong>decir, siendo falso, que no hay dinero para las pensiones o que no hay dinero para sueldos dignos<\/strong>, y con ello generar un miedo intens\u00edsimo en la poblaci\u00f3n con fines de forzar su natural voluntad de tener justicia para sustituirla por mendicidad de prebendas ama\u00f1adas por los gobiernos para poder seguir subsistiendo al precio que nos pongan.<\/p>\n<p>Seg\u00fan el propio t\u00e9rmino <em>terrorismo<\/em>\u00a0y seg\u00fan el propio c\u00f3digo penal espa\u00f1ol vigente, maximalista, todo esto que acabo de se\u00f1alar y muchas otras cosas m\u00e1s, deber\u00edan serlo. Estamos esperando a que sean as\u00ed encausadas y si no son encausadas deberemos considerarlo un nuevo caso de injusticia que deber\u00e1 tener en el futuro sus consecuencias legales para los culpables.\u00bb [Agust\u00edn Barahona]<\/p>\n","protected":false},"excerpt":{"rendered":"<p>Seg\u00fan el propio t\u00e9rmino terrorismo\u00a0y seg\u00fan el propio c\u00f3digo penal espa\u00f1ol vigente, maximalista, todo esto que acabo de se\u00f1alar y muchas otras cosas m\u00e1s, deber\u00edan serlo. Estamos esperando a que sean as\u00ed encausadas y si no son encausadas deberemos considerarlo un nuevo caso de injusticia que deber\u00e1 tener en el futuro sus consecuencias legales para los culpables.<\/p>\n","protected":false},"author":1,"featured_media":0,"comment_status":"open","ping_status":"open","sticky":false,"template":"","format":"standard","meta":{"_monsterinsights_skip_tracking":false,"_monsterinsights_sitenote_active":false,"_monsterinsights_sitenote_note":"","_monsterinsights_sitenote_category":0,"_jetpack_memberships_contains_paid_content":false,"footnotes":""},"categories":[9,16,8],"tags":[18,65,43,32,42,33],"class_list":["post-6047","post","type-post","status-publish","format-standard","hentry","category-escritos-en-facebook","category-humanismo","category-reflexiones","tag-cultura","tag-educacion","tag-filosofia","tag-justicia","tag-politica","tag-sistema"],"aioseo_notices":[],"jetpack_featured_media_url":"","jetpack_sharing_enabled":true,"_links":{"self":[{"href":"https:\/\/www.agustinbarahona.com\/blog\/wp-json\/wp\/v2\/posts\/6047","targetHints":{"allow":["GET"]}}],"collection":[{"href":"https:\/\/www.agustinbarahona.com\/blog\/wp-json\/wp\/v2\/posts"}],"about":[{"href":"https:\/\/www.agustinbarahona.com\/blog\/wp-json\/wp\/v2\/types\/post"}],"author":[{"embeddable":true,"href":"https:\/\/www.agustinbarahona.com\/blog\/wp-json\/wp\/v2\/users\/1"}],"replies":[{"embeddable":true,"href":"https:\/\/www.agustinbarahona.com\/blog\/wp-json\/wp\/v2\/comments?post=6047"}],"version-history":[{"count":7,"href":"https:\/\/www.agustinbarahona.com\/blog\/wp-json\/wp\/v2\/posts\/6047\/revisions"}],"predecessor-version":[{"id":6054,"href":"https:\/\/www.agustinbarahona.com\/blog\/wp-json\/wp\/v2\/posts\/6047\/revisions\/6054"}],"wp:attachment":[{"href":"https:\/\/www.agustinbarahona.com\/blog\/wp-json\/wp\/v2\/media?parent=6047"}],"wp:term":[{"taxonomy":"category","embeddable":true,"href":"https:\/\/www.agustinbarahona.com\/blog\/wp-json\/wp\/v2\/categories?post=6047"},{"taxonomy":"post_tag","embeddable":true,"href":"https:\/\/www.agustinbarahona.com\/blog\/wp-json\/wp\/v2\/tags?post=6047"}],"curies":[{"name":"wp","href":"https:\/\/api.w.org\/{rel}","templated":true}]}}