{"id":6090,"date":"2018-04-18T14:11:11","date_gmt":"2018-04-18T13:11:11","guid":{"rendered":"http:\/\/www.agustinbarahona.com\/blog\/?p=6090"},"modified":"2018-04-18T16:03:45","modified_gmt":"2018-04-18T15:03:45","slug":"sr-juez-si-cagarse-en-dios-y-en-la-virgen-fuera-de-verdad-un-delito","status":"publish","type":"post","link":"https:\/\/www.agustinbarahona.com\/blog\/sr-juez-si-cagarse-en-dios-y-en-la-virgen-fuera-de-verdad-un-delito\/","title":{"rendered":"Sr Juez: si &#8216;cagarse en dios y en la virgen&#8217; fuera de verdad un delito&#8230;"},"content":{"rendered":"<h1 style=\"padding: 16px;\"><img decoding=\"async\" class=\"aligncenter\" src=\"https:\/\/static01.heraldo.es\/uploads\/imagenes\/8col\/2017\/07\/04\/_ghjgtytuyyu_0671ffdc.jpg?a6c1cf4fc1e8dc51f443ab920abfa0be\" width=\"97%\" \/><\/h1>\n<h1 style=\"padding: 16px;\"><img decoding=\"async\" class=\"alignnone size-medium wp-image-6023 alignleft\" src=\"https:\/\/www.agustinbarahona.com\/blog\/wp-content\/uploads\/Foto1-300x277-300x277.jpg\" alt=\"\" width=\"19%\" \/>Sr Juez: si, como hace Willy Toledo, &#8216;cagarse en dios y en la virgen&#8217; fuera de verdad un delito no habr\u00eda c\u00e1rceles en Espa\u00f1a ni servicio de limpieza capaz.<\/h1>\n<p>\u00abSi en un pa\u00eds aconfesional empezamos a tener jueces que aparentemente se toman la justicia con poca seriedad o coherencia mal vamos, porque el hazmerreir que ahora somos por todo lo que ocurre en Espa\u00f1a se elevar\u00e1 a la categor\u00eda de guasa mundial.<\/p>\n<p>El delito de blasfemias disfrazado bajo el de ofensas a los sentimientos religiosos es una anacron\u00eda con la que o bien hay que acabar o bien hay que equilibrar con el <strong><em>delito de ofensas a la realidad<\/em><\/strong>, o <em><strong>delito de ofensas a la ciencia<\/strong><\/em>, que en un Estado de Derecho son prelativas a la irrealidad, o al menos deber\u00edan serlo.<\/p>\n<p>Tampoco parece cre\u00edble que decir<em> &#8216;me cago en dios y la virgen&#8217;,<\/em> teniendo en cuenta que \u00e9stos no se van a presentar a hacer una denuncia por cagarse en ellos, pueda ser protegido por las autoridades de un estado aconfesional ni por grupos que afirmen que dios y la virgen existen <strong>sin que aporten la m\u00e1s m\u00ednima prueba de su existencia<\/strong>. Al no existir el posible afectado \u00e9ste no puede reclamar absolutamente nada.<\/p>\n<p>Tampoco parece cre\u00edble intentar imputar el tipo penal de <em><strong>incitaci\u00f3n al odio<\/strong> <\/em>teniendo en cuenta que, aparte de que aqu\u00ed ninguno induce con fuerza a nadie a odiar &#8211;que eso es lo que seg\u00fan el RAE significa <a href=\"http:\/\/dle.rae.es\/?id=LEsm51s\">incitar<\/a> al odio&#8211;, para que pueda ser inclu\u00eddo un acto en dicho tipo penal tienen que darse los siguientes supuestos &#8211;entre corchetes mis comentarios y apreciaciones&#8211;:<\/p>\n<ol style=\"padding-right: 16px;\">\n<li><span style=\"color: #000000;\"><em><strong>Fomentar, promover o incitar<\/strong> directa o indirectamente al <strong>odio, hostilidad, discriminaci\u00f3n o violencia<\/strong> contra <strong>un grupo <\/strong><\/em>[si decir <em>me cago en dios y en la virgen<\/em> determina el grupo <em>dios y la virgen<\/em>, nadie ha probado nunca que tal grupo exista, por lo tanto el bien jur\u00eddico como supuesta protecci\u00f3n del grupo desaparece, a no ser que decir <em>me cago en los unicornios verdes<\/em> pudiera considerarse tambi\u00e9n punible]<em>, una parte del mismo<\/em> [idem] <em>o contra una persona determinada<strong> por raz\u00f3n de<\/strong> su pertenencia a aqu\u00e9l <\/em>[idem]<em>, por motivos racistas <\/em>[no se dan]<em>, antisemitas<\/em> [no se dan]<em> u otros referentes a la ideolog\u00eda <\/em>[no se dan]<em>, religi\u00f3n <\/em>[anunciar defecar no es un acto religioso ni lo apela, al menos hasta donde yo s\u00e9, por lo tanto no puede determinar cre\u00edblemente un motivo religioso para meterse con un grupo cuya existencia jam\u00e1s nadie ha demostrado]<em> o creencias <\/em>[idem]<em>, situaci\u00f3n familiar <\/em>[al hacer la declaraci\u00f3n de defecaci\u00f3n no hay en ello tampoco ning\u00fan motivo que la explique como odio, hostilidad, discriminaci\u00f3n o violencia a un grupo por una determinada situaci\u00f3n familiar]<em>, la pertenencia de sus miembros a una etnia, raza o naci\u00f3n <\/em>[no se da]<em>, su origen nacional <\/em>[no se da]<em>, su sexo <\/em>[no se da]<em>, orientaci\u00f3n o identidad sexual <\/em>[no se da]<em>, por razones de g\u00e9nero <\/em>[no se da]<em>, enfermedad o discapacidad <\/em>[no se da]<em>\u201d. <\/em>Muy distinto ser\u00eda si en vez de <em>me cago en dios y en la virgen<\/em> alguien dijera algo como por ejemplo <em>&#8216;me cago en los cristianos&#8217;<\/em>, porque entonces ser\u00eda una acci\u00f3n propia de cerdos, pero al cagarse en ellos no se incita tampoco al <em>odio<\/em> <em>a la hostilidad a la discriminaci\u00f3n o a la violencia\u00a0<\/em>ni a que otros se caguen en ellos. Decir\u00a0<em>&#8216;odiad a los cristianos&#8217;<\/em> o <em>&#8216;los cristianos son malos y por ello hay que odiarlos&#8217;<\/em> son exhortaciones que s\u00ed entrar\u00edan claramente en el tipo penal que consideramos. Pero no se da el caso. Eliminada esta primera posibilidad, sigamos examinando los otros supuestos del tipo penal.<span id=\"more-2233\"><\/span><\/span><\/li>\n<li><span style=\"color: #000000;\"><em>Distribuir, difundir o vender<strong> escritos o cualquier otra clase de material o soportes<\/strong> que por su contenido sean id\u00f3neos para <strong>fomentar, promover, o incitar directa o indirectamente al odio<\/strong>, hostilidad, discriminaci\u00f3n o violencia\u201d<\/em>. Obviamente este segundo supuesto tampoco se da. Pasemos\u00a0pues al \u00faltimo.<\/span><\/li>\n<li><span style=\"color: #000000;\"><em>P\u00fablicamente negar, trivializar gravemente o enaltecer los <strong>delitos de genocidio, de lesa humanidad o contra las personas y bienes protegidos en caso de conflicto armado<\/strong>, o enaltecer a sus autores, cuando se hubieran\u00a0cometido contra un grupo o una parte del mismo, o contra una persona determinada por raz\u00f3n de su pertenencia al mismo, por motivos racistas, antisemitas u otros referentes a la ideolog\u00eda, religi\u00f3n o creencias, la situaci\u00f3n familiar o la pertenencia de sus miembros a una etnia, raza o naci\u00f3n, su origen nacional, su sexo, orientaci\u00f3n o identidad sexual, por razones de g\u00e9nero, enfermedad o discapacidad, cuando de este modo se promueva o favorezca un clima de violencia, hostilidad, odio o discriminaci\u00f3n contra los mismos\u201d. <\/em>Que, como puede verse tampoco se corresponde con la expresi\u00f3n <em>&#8216;me cago en dios y en la virgen&#8217;<\/em> que estamos considerando.<\/span><\/li>\n<\/ol>\n<p>Por lo tanto, ignoro profundamente el motivo por el que el Sr juez ha admitido a tr\u00e1mite una acusaci\u00f3n parecida s\u00f3lo por que alguien diga una vez o cien millones\u00a0<em>&#8216;me cago en dios y en la virgen&#8217;<\/em>, expresi\u00f3n que, dicho sea de paso, est\u00e1 en boca de millones de personas diariamente en Espa\u00f1a desde siempre sin que nadie se escandalice ni denuncie en los juzgados por ello, porque forma parte de la libertad de expresi\u00f3n y de la modalidad interjeccional de tipo emotiva que todos los ling\u00fcistas reconocen que jam\u00e1s hace referencia realmente al referente sem\u00e1ntico expresado, pero que aunque lo hiciera tampoco encajar\u00eda en el tipo penal, como hemos visto.<\/p>\n<p>As\u00ed pues, como espa\u00f1ol que paga sus impuestos, mientras no se nos explique el motivo coherente y razonable por el que el Sr Juez ha admitido a tr\u00e1mite esta sorprendente denuncia no puedo por menos que considerar malgastados mis impuestos en juegos de creyentes en un pa\u00eds aconfesional que no protege la realidad, vergonzantemente\u00bb [Agust\u00edn Barahona]<\/p>\n<hr \/>\n<p>L\u00e9ase a este respecto:<\/p>\n<blockquote><p>\u00abEstoy en mi derecho y en mi obligaci\u00f3n. Me parece surrealista. Tengo claras mis convicciones\u00bb, afirma el actor\u00a0Willy Toledo, que sostiene que s\u00f3lo declarar\u00e1 ante el juez por\u00a0insultos a dios y a la virgen Mar\u00eda\u00a0si es detenido. \u00abCada vez que emites una opini\u00f3n habr\u00e1 personas de la opini\u00f3n contraria que se ofendan. Entonces, \u00bfcu\u00e1l es la situaci\u00f3n? Yo seguir\u00e9 diciendo lo que me de la gana\u00bb, a\u00f1ade.<\/p><\/blockquote>\n<p>Origen: <em><a href=\"http:\/\/www.lasexta.com\/programas\/al-rojo-vivo\/entrevistas\/willy-toledo-ya-sabemos-que-la-iglesia-tiene-absoluta-libertad-para-decir-y-vomitar-toda-su-ideologia-retrograda_201804185ad73c800cf2754e48de9a0d.html\">LA SEXTA TV | Willy Toledo: \u00abYa sabemos que la iglesia tiene absoluta libertad para decir y vomitar toda su ideolog\u00eda retr\u00f3gada\u00bb<\/a><\/em><\/p>\n<blockquote class=\"wp-embedded-content\" data-secret=\"pOE2pdiLAD\"><p><a href=\"https:\/\/www.agustinbarahona.com\/blog\/voto-por-la-abolicion-del-delito-contra-los-sentimientos-religiosos\/\">Voto por la abolici\u00f3n del delito contra los sentimientos religiosos<\/a><\/p><\/blockquote>\n<p><iframe loading=\"lazy\" class=\"wp-embedded-content\" sandbox=\"allow-scripts\" security=\"restricted\" style=\"position: absolute; visibility: hidden;\" title=\"\u00abVoto por la abolici\u00f3n del delito contra los sentimientos religiosos\u00bb \u2014 \u00bfRazonando se entiende la gente?\" src=\"https:\/\/www.agustinbarahona.com\/blog\/voto-por-la-abolicion-del-delito-contra-los-sentimientos-religiosos\/embed\/#?secret=35UsR9tApM#?secret=pOE2pdiLAD\" data-secret=\"pOE2pdiLAD\" width=\"500\" height=\"282\" frameborder=\"0\" marginwidth=\"0\" marginheight=\"0\" scrolling=\"no\"><\/iframe><\/p>\n<blockquote class=\"wp-embedded-content\" data-secret=\"YeROW1q7De\"><p><a href=\"https:\/\/www.agustinbarahona.com\/blog\/que-bien-juridico-se-protege\/\">\u00bfQu\u00e9 bien jur\u00eddico se protege realmente en la \u00abofensa a los sentimientos religiosos\u00bb?<\/a><\/p><\/blockquote>\n<p><iframe loading=\"lazy\" class=\"wp-embedded-content\" sandbox=\"allow-scripts\" security=\"restricted\" style=\"position: absolute; visibility: hidden;\" title=\"\u00ab\u00bfQu\u00e9 bien jur\u00eddico se protege realmente en la \u00abofensa a los sentimientos religiosos\u00bb?\u00bb \u2014 \u00bfRazonando se entiende la gente?\" src=\"https:\/\/www.agustinbarahona.com\/blog\/que-bien-juridico-se-protege\/embed\/#?secret=HXqKRVS1kA#?secret=YeROW1q7De\" data-secret=\"YeROW1q7De\" width=\"500\" height=\"282\" frameborder=\"0\" marginwidth=\"0\" marginheight=\"0\" scrolling=\"no\"><\/iframe><\/p>\n<blockquote class=\"wp-embedded-content\" data-secret=\"2qvSJhwbik\"><p><a href=\"https:\/\/www.agustinbarahona.com\/blog\/es-inviable-un-delito-contra-los-sentimientos-religiosos\/\">\u00bfEs inviable un \u00abdelito contra los sentimientos religiosos\u00bb?<\/a><\/p><\/blockquote>\n<p><iframe loading=\"lazy\" class=\"wp-embedded-content\" sandbox=\"allow-scripts\" security=\"restricted\" style=\"position: absolute; visibility: hidden;\" title=\"\u00ab\u00bfEs inviable un \u00abdelito contra los sentimientos religiosos\u00bb?\u00bb \u2014 \u00bfRazonando se entiende la gente?\" src=\"https:\/\/www.agustinbarahona.com\/blog\/es-inviable-un-delito-contra-los-sentimientos-religiosos\/embed\/#?secret=j61IgfMIqK#?secret=2qvSJhwbik\" data-secret=\"2qvSJhwbik\" width=\"500\" height=\"282\" frameborder=\"0\" marginwidth=\"0\" marginheight=\"0\" scrolling=\"no\"><\/iframe><\/p>\n","protected":false},"excerpt":{"rendered":"<p>si, como hace Willy Toledo, &#8216;cagarse en dios y en la virgen&#8217; fuera de verdad un delito no habr\u00eda c\u00e1rceles en Espa\u00f1a ni servicio de limpieza capaz.<\/p>\n","protected":false},"author":1,"featured_media":0,"comment_status":"open","ping_status":"open","sticky":false,"template":"","format":"standard","meta":{"_monsterinsights_skip_tracking":false,"_monsterinsights_sitenote_active":false,"_monsterinsights_sitenote_note":"","_monsterinsights_sitenote_category":0,"_jetpack_memberships_contains_paid_content":false,"footnotes":""},"categories":[9,16,8],"tags":[65,43,55,32,42],"class_list":["post-6090","post","type-post","status-publish","format-standard","hentry","category-escritos-en-facebook","category-humanismo","category-reflexiones","tag-educacion","tag-filosofia","tag-humor","tag-justicia","tag-politica"],"aioseo_notices":[],"jetpack_featured_media_url":"","jetpack_sharing_enabled":true,"_links":{"self":[{"href":"https:\/\/www.agustinbarahona.com\/blog\/wp-json\/wp\/v2\/posts\/6090","targetHints":{"allow":["GET"]}}],"collection":[{"href":"https:\/\/www.agustinbarahona.com\/blog\/wp-json\/wp\/v2\/posts"}],"about":[{"href":"https:\/\/www.agustinbarahona.com\/blog\/wp-json\/wp\/v2\/types\/post"}],"author":[{"embeddable":true,"href":"https:\/\/www.agustinbarahona.com\/blog\/wp-json\/wp\/v2\/users\/1"}],"replies":[{"embeddable":true,"href":"https:\/\/www.agustinbarahona.com\/blog\/wp-json\/wp\/v2\/comments?post=6090"}],"version-history":[{"count":21,"href":"https:\/\/www.agustinbarahona.com\/blog\/wp-json\/wp\/v2\/posts\/6090\/revisions"}],"predecessor-version":[{"id":6129,"href":"https:\/\/www.agustinbarahona.com\/blog\/wp-json\/wp\/v2\/posts\/6090\/revisions\/6129"}],"wp:attachment":[{"href":"https:\/\/www.agustinbarahona.com\/blog\/wp-json\/wp\/v2\/media?parent=6090"}],"wp:term":[{"taxonomy":"category","embeddable":true,"href":"https:\/\/www.agustinbarahona.com\/blog\/wp-json\/wp\/v2\/categories?post=6090"},{"taxonomy":"post_tag","embeddable":true,"href":"https:\/\/www.agustinbarahona.com\/blog\/wp-json\/wp\/v2\/tags?post=6090"}],"curies":[{"name":"wp","href":"https:\/\/api.w.org\/{rel}","templated":true}]}}