{"id":888,"date":"2014-03-01T13:04:49","date_gmt":"2014-03-01T12:04:49","guid":{"rendered":"http:\/\/www.agustinbarahona.com\/blog\/?p=888"},"modified":"2014-03-14T21:44:36","modified_gmt":"2014-03-14T20:44:36","slug":"el-que-hoy-se-catalogue-separadamente-musica-y-arte-se-debe-a","status":"publish","type":"post","link":"https:\/\/www.agustinbarahona.com\/blog\/el-que-hoy-se-catalogue-separadamente-musica-y-arte-se-debe-a\/","title":{"rendered":"El que hoy se catalogue separadamente m\u00fasica y arte se debe a&#8230;"},"content":{"rendered":"<div style=\"background-color: #ffc; padding: 25px; margin: -7px;\">\n<p>\u00abMe temo que el que hoy en muchos sitios se piense en arte y m\u00fasica como categor\u00edas distintas se debe o bien a que la gente no sabe que<strong> la M\u00fasica de verdad es arte<\/strong> o bien a que <strong>la gente est\u00e1 llamando arte y m\u00fasica a cosas que no lo son<\/strong>. Ambas posibilidades ser\u00edan debidas a dos causas:<\/p>\n<p>Por una parte, al constante y ya antiguo esfuerzo pol\u00edtico manipulador para hacer creer que las producciones sonoras de aspecto ca\u00f3tico y extremadamente atonales que se presentan en las salas de conciertos subvencionadas con dinero p\u00fablico son <em><span style=\"font-family: 'Times New Roman'; font-size: 115%;\">la m\u00fasica cl\u00e1sica del presente<\/span><\/em>, <strong>que debe poder gustarse expresamente para poder <em><span style=\"font-family: 'Times New Roman'; font-size: 115%;\">tener derecho a declararse intelectual moderno <\/span><\/em><\/strong>&#8211;falsedad obvia, pues la inmensa mayor\u00eda de los m\u00fasicos profesionales y gente culta abominan de esas farsas y la verdadera m\u00fasica cl\u00e1sica que seduce de inmediato los corazones ha seguido y sigue existiendo, sin necesidad alguna de subvenciones&#8211;.<\/p>\n<p>Y, por otra parte y simult\u00e1neamente, al fomento cada vez mayor de las simples producciones sonoras populares comerciales de base r\u00edtmica &#8211;que funcionan a nivel neuronal de un modo similar a las drogas&#8211; junto con el cultivo de la idea de que <strong>\u00e9stas son realmente &#8216;la m\u00fasica&#8217;<\/strong>, en su sentido gen\u00e9rico, haciendo ver que <em><span style=\"font-family: 'Times New Roman'; font-size: 115%;\">lo otro<\/span><\/em>, lo que se presenta en las salas de conciertos, es\u00a0<em><span style=\"font-family: 'Times New Roman'; font-size: 115%;\">otra cosa<\/span><\/em><span style=\"font-family: 'Times New Roman'; font-size: 115%;\">, <strong>al asociar en el imaginario popular las salas de conciertos con las producciones sonoras de aspecto ca\u00f3tico e incomprensible<\/strong>, generando el l\u00f3gico y consiguiente rechazo y dejando a la gente indecisa o desinformada presta para caer paulatinamente en el consumo de ese tipo de productos de mercado<\/span>.<\/p>\n<p>La situaci\u00f3n creada para la manipulaci\u00f3n nunca ha sido m\u00e1s f\u00e1cil y con menos resistencia. De este modo se hace dirigir al p\u00fablico hacia dos v\u00edas con un s\u00f3lo futuro cada vez m\u00e1s demencial, deshumanizado y f\u00e1cil y mansamente gobernable\u00bb [Agust\u00edn Barahona]<\/p>\n<\/div>\n","protected":false},"excerpt":{"rendered":"<p>\u00abMe temo que el que hoy en muchos sitios se piense en arte y m\u00fasica como categor\u00edas distintas se debe o bien a que la gente no sabe que la M\u00fasica de verdad es arte o bien a que la gente est\u00e1 llamando arte y m\u00fasica a cosas que no lo son. Ambas posibilidades ser\u00edan [&hellip;]<\/p>\n","protected":false},"author":1,"featured_media":0,"comment_status":"open","ping_status":"open","sticky":false,"template":"","format":"standard","meta":{"_monsterinsights_skip_tracking":false,"_monsterinsights_sitenote_active":false,"_monsterinsights_sitenote_note":"","_monsterinsights_sitenote_category":0,"_jetpack_memberships_contains_paid_content":false,"footnotes":""},"categories":[50,16,8],"tags":[19,29,41,18,20,43,30,42,33,38],"class_list":["post-888","post","type-post","status-publish","format-standard","hentry","category-arte-2","category-humanismo","category-reflexiones","tag-arte","tag-atonalidad","tag-composicion-2","tag-cultura","tag-espectaculo","tag-filosofia","tag-musica","tag-politica","tag-sistema","tag-tonalidad"],"aioseo_notices":[],"jetpack_featured_media_url":"","jetpack_sharing_enabled":true,"_links":{"self":[{"href":"https:\/\/www.agustinbarahona.com\/blog\/wp-json\/wp\/v2\/posts\/888","targetHints":{"allow":["GET"]}}],"collection":[{"href":"https:\/\/www.agustinbarahona.com\/blog\/wp-json\/wp\/v2\/posts"}],"about":[{"href":"https:\/\/www.agustinbarahona.com\/blog\/wp-json\/wp\/v2\/types\/post"}],"author":[{"embeddable":true,"href":"https:\/\/www.agustinbarahona.com\/blog\/wp-json\/wp\/v2\/users\/1"}],"replies":[{"embeddable":true,"href":"https:\/\/www.agustinbarahona.com\/blog\/wp-json\/wp\/v2\/comments?post=888"}],"version-history":[{"count":4,"href":"https:\/\/www.agustinbarahona.com\/blog\/wp-json\/wp\/v2\/posts\/888\/revisions"}],"predecessor-version":[{"id":1181,"href":"https:\/\/www.agustinbarahona.com\/blog\/wp-json\/wp\/v2\/posts\/888\/revisions\/1181"}],"wp:attachment":[{"href":"https:\/\/www.agustinbarahona.com\/blog\/wp-json\/wp\/v2\/media?parent=888"}],"wp:term":[{"taxonomy":"category","embeddable":true,"href":"https:\/\/www.agustinbarahona.com\/blog\/wp-json\/wp\/v2\/categories?post=888"},{"taxonomy":"post_tag","embeddable":true,"href":"https:\/\/www.agustinbarahona.com\/blog\/wp-json\/wp\/v2\/tags?post=888"}],"curies":[{"name":"wp","href":"https:\/\/api.w.org\/{rel}","templated":true}]}}