{"id":922,"date":"2014-03-01T19:01:42","date_gmt":"2014-03-01T18:01:42","guid":{"rendered":"http:\/\/www.agustinbarahona.com\/blog\/?p=922"},"modified":"2014-03-01T19:01:42","modified_gmt":"2014-03-01T18:01:42","slug":"el-resurgimiento-del-fascismo-en-espana","status":"publish","type":"post","link":"https:\/\/www.agustinbarahona.com\/blog\/el-resurgimiento-del-fascismo-en-espana\/","title":{"rendered":"El resurgimiento del fascismo en Espa\u00f1a"},"content":{"rendered":"<p><strong>El resurgimiento del fascismo en Espa\u00f1a<\/strong><\/p>\n<p>Art\u00edculo publicado por Vicen\u00e7 Navarro en el diario digital EL PLURAL, 2 de diciembre de 2013, y en la columna \u201cPensamiento Cr\u00edtico\u201d en el diario P\u00daBLICO, 3 de diciembre de 2013<\/p>\n<p>Este art\u00edculo se\u00f1ala los componentes de la ideolog\u00eda totalizante existente durante la dictadura fascista en Espa\u00f1a que se est\u00e1n reproduciendo en amplios sectores de las derechas espa\u00f1olas, incluyendo medidas represivas semejantes a las que llev\u00f3 a cabo el r\u00e9gimen dictatorial.<\/p>\n<p>v\u00eda <a href=\"http:\/\/www.vnavarro.org\/?p=10132\">El resurgimiento del fascismo en Espa\u00f1a<\/a>.<\/p>\n","protected":false},"excerpt":{"rendered":"<p>El resurgimiento del fascismo en Espa\u00f1a Art\u00edculo publicado por Vicen\u00e7 Navarro en el diario digital EL PLURAL, 2 de diciembre de 2013, y en la columna \u201cPensamiento Cr\u00edtico\u201d en el diario P\u00daBLICO, 3 de diciembre de 2013 Este art\u00edculo se\u00f1ala los componentes de la ideolog\u00eda totalizante existente durante la dictadura fascista en Espa\u00f1a que se [&hellip;]<\/p>\n","protected":false},"author":1,"featured_media":0,"comment_status":"open","ping_status":"open","sticky":false,"template":"","format":"standard","meta":{"_monsterinsights_skip_tracking":false,"_monsterinsights_sitenote_active":false,"_monsterinsights_sitenote_note":"","_monsterinsights_sitenote_category":0,"_jetpack_memberships_contains_paid_content":false,"footnotes":""},"categories":[9,8],"tags":[42,33],"class_list":["post-922","post","type-post","status-publish","format-standard","hentry","category-escritos-en-facebook","category-reflexiones","tag-politica","tag-sistema"],"aioseo_notices":[],"jetpack_featured_media_url":"","jetpack_sharing_enabled":true,"_links":{"self":[{"href":"https:\/\/www.agustinbarahona.com\/blog\/wp-json\/wp\/v2\/posts\/922","targetHints":{"allow":["GET"]}}],"collection":[{"href":"https:\/\/www.agustinbarahona.com\/blog\/wp-json\/wp\/v2\/posts"}],"about":[{"href":"https:\/\/www.agustinbarahona.com\/blog\/wp-json\/wp\/v2\/types\/post"}],"author":[{"embeddable":true,"href":"https:\/\/www.agustinbarahona.com\/blog\/wp-json\/wp\/v2\/users\/1"}],"replies":[{"embeddable":true,"href":"https:\/\/www.agustinbarahona.com\/blog\/wp-json\/wp\/v2\/comments?post=922"}],"version-history":[{"count":1,"href":"https:\/\/www.agustinbarahona.com\/blog\/wp-json\/wp\/v2\/posts\/922\/revisions"}],"predecessor-version":[{"id":923,"href":"https:\/\/www.agustinbarahona.com\/blog\/wp-json\/wp\/v2\/posts\/922\/revisions\/923"}],"wp:attachment":[{"href":"https:\/\/www.agustinbarahona.com\/blog\/wp-json\/wp\/v2\/media?parent=922"}],"wp:term":[{"taxonomy":"category","embeddable":true,"href":"https:\/\/www.agustinbarahona.com\/blog\/wp-json\/wp\/v2\/categories?post=922"},{"taxonomy":"post_tag","embeddable":true,"href":"https:\/\/www.agustinbarahona.com\/blog\/wp-json\/wp\/v2\/tags?post=922"}],"curies":[{"name":"wp","href":"https:\/\/api.w.org\/{rel}","templated":true}]}}