{"id":9221,"date":"2023-01-11T11:48:30","date_gmt":"2023-01-11T10:48:30","guid":{"rendered":"https:\/\/www.agustinbarahona.com\/blog\/?p=9221"},"modified":"2023-01-11T14:25:21","modified_gmt":"2023-01-11T13:25:21","slug":"quien-evaluara-a-los-evaluadores","status":"publish","type":"post","link":"https:\/\/www.agustinbarahona.com\/blog\/quien-evaluara-a-los-evaluadores\/","title":{"rendered":"\u00bfQUI\u00c9N EVALUAR\u00c1 A LOS EVALUADORES?"},"content":{"rendered":"\n<p>\u00abMe pregunto qui\u00e9n evaluar\u00e1 a los evaluadores y a los evaluadores de los evaluadores y a los&#8230;. pues parece ser que el gobierno espa\u00f1ol quiere ahora cambiar el que los funcionarios (docentes o no de carreras musicales, pero tambi\u00e9n de \u00e9stas) s\u00f3lo sean despedibles si incumplen las normas. Aunque disculpen que me r\u00eda de esto, porque los primeros que las incumplen con descaro y provocaci\u00f3n son los gobiernos espa\u00f1oles, y, sin embargo, a los funcionarios que las cumplen y que denuncian que sus jefes o sus cadenas de mandos las incumplen intentan expedientarlos&nbsp;<img loading=\"lazy\" decoding=\"async\" height=\"16\" width=\"16\" src=\"https:\/\/static.xx.fbcdn.net\/images\/emoji.php\/v9\/t51\/1\/16\/1f603.png\" alt=\"?\"\/><br \/><br \/>El Consejo de Ministros espa\u00f1ol ha aprobado un anteproyecto de ley de&nbsp;<strong>Funci\u00f3n P\u00fablica de la Administraci\u00f3n General del Estado<\/strong>&nbsp;por la que los funcionarios (docentes o no de carreras musicales, pero tambi\u00e9n de \u00e9stas) podr\u00e1n ser despedidos de su puesto dependiendo de sus resultados en&nbsp;<em>evaluaciones de desempe\u00f1o<\/em>. Si es as\u00ed, s\u00f3lo queda ya desear a los que les toque sufrirlo que se encomienden a <em>\u00abla Fuerza\u00bb<\/em> de George Lukas, porque lo van a necesitar en los nuevos escenarios cada vez jur\u00eddicamente m\u00e1s y m\u00e1s inestables y&nbsp;<strong><span style=\"text-decoration: underline;\">dependientes de la opini\u00f3n de turno de alg\u00fan incompetente intocable<\/span><\/strong>.<\/p>\n\n\n\n<p>El gobierno espa\u00f1ol se excusa diciendo que lo que quieren en realidad es incrementar<\/p>\n\n\n\n<blockquote class=\"wp-block-quote is-layout-flow wp-block-quote-is-layout-flow\">\n<p><em>\u00abla productividad del sector p\u00fablico y se premiar\u00e1 de esta manera el talento de manera progresiva. Es decir, que no solo baste con aprobar unos ex\u00e1menes en una fecha dada, si no que haya que luchar el puesto d\u00eda a d\u00eda. Adem\u00e1s, se pretende as\u00ed, poner en marcha un relevo intergeneracional de una Administraci\u00f3n bastante envejecida en comparaci\u00f3n con el resto de la UE.\u00bb<\/em><\/p>\n<\/blockquote>\n\n\n\n<p>Dejando aparte el que si de verdad les preocupara la comparaci\u00f3n con la UE tendr\u00edan que haber empezado antes por cientos de cosas mucho m\u00e1s evidentemente necesarias y urgentes en el d\u00eda a d\u00eda de una sociedad, esto que ahora dicen como idea est\u00e1 muy bien, dir\u00edamos todos, \u00bfverdad? Pero como no dicen c\u00f3mo van a ponerla en pr\u00e1ctica de modo que el resultado sea justo&#8230; se va a quedar tan s\u00f3lo en una bonita idea m\u00e1s de las que habitualmente tienen unas funestas consecuencias, ya que s\u00f3lo podr\u00e1n aprovecharla los jefes y directores que tengan una enemistad especial con alg\u00fan pobre funcionario, pues&nbsp;<strong><u>si no hay que demostrar nada<\/u><\/strong>&nbsp;entonces nada se le puede reclamar al directivo que se supone que lo que hace s\u00f3lo es&nbsp;<em>fomentar la calidad<\/em>&nbsp;<img loading=\"lazy\" decoding=\"async\" height=\"16\" width=\"16\" src=\"https:\/\/static.xx.fbcdn.net\/images\/emoji.php\/v9\/t51\/1\/16\/1f603.png\" alt=\"?\"\/><br \/><br \/>Se\u00f1ores del gobierno espa\u00f1ol, si de verdad quisieran \u00abfomentar la calidad\u00bb lo primero que habr\u00eda que hacer es garantizar legal y ejecutivamente&nbsp;<strong>que ese tipo de directivos y acciones directivas <span style=\"text-decoration: underline;\">no puedan existir nunca<\/span><\/strong>&nbsp;y que cualquier movimiento o hecho que se pretenda premiar o sancionar en el funcionariado&nbsp;<strong><u>sea manifiesta y jur\u00eddicamente demostrable<\/u><\/strong>&nbsp;sin tener el funcionario que conseguir demostrarlo gast\u00e1ndose el dinero que no tiene en los tribunales en caso de que no tenga formaci\u00f3n en Derecho para poder defenderse o defender el Derecho de su estamento acad\u00e9mico o laboral.<br \/><br \/>Me pregunto, por ejemplo, c\u00f3mo podr\u00edan poner en pr\u00e1ctica esta \u00abgenial idea\u00bb&nbsp;<img loading=\"lazy\" decoding=\"async\" height=\"16\" width=\"16\" src=\"https:\/\/static.xx.fbcdn.net\/images\/emoji.php\/v9\/t51\/1\/16\/1f603.png\" alt=\"?\"\/>&nbsp;ya simplemente en el funcionariado docente,&nbsp;<strong>sea o no de carreras musicales<\/strong>, porque para poder ponerla all\u00ed en pr\u00e1ctica<strong>&nbsp;el grado de dominio cient\u00edfico demostrable sobre todas las variables que intervienen activas en la educaci\u00f3n tendr\u00eda que ser de Premio&nbsp;<em>Noble&nbsp;<\/em>[sic]<\/strong>. En fin&#8230;\u00bb<\/p>\n\n\n\n<p>[Agust\u00edn Barahona]<br \/><br \/><a href=\"https:\/\/laadministracionaldia.inap.es\/noticia.asp?id=1513385\" target=\"_blank\" rel=\"noopener\" title=\"\">L\u00e9ase: El Gobierno aprueba el anteproyecto de Ley de Funci\u00f3n P\u00fablica para modernizar la Administraci\u00f3n y reformar el sistema de empleo p\u00fablico<\/a> <\/p>\n\n\n\n<p><a href=\"https:\/\/magnet.xataka.com\/en-diez-minutos\/despedir-a-funcionario-publico-era-casi-mision-imposible-ahora-todo-cambia-nueva-ley-desempeno\" target=\"_blank\" rel=\"noopener\" title=\"\">L\u00e9ase: Despedir a un funcionario p\u00fablico era casi misi\u00f3n imposible. Ahora todo cambia con la nueva ley de desempe\u00f1o<\/a><\/p>\n\n\n\n<div class=\"wp-block-group\"><div class=\"wp-block-group__inner-container is-layout-constrained wp-block-group-is-layout-constrained\">\n<p><a href=\"https:\/\/laadministracionaldia.inap.es\/noticia.asp?id=1513385\" target=\"_blank\" rel=\"noopener\" title=\"\">De recomendada lectura tambi\u00e9n los comentarios con firma &#8211;en especial los de elespp@gmail.com, andresfustes@yahoo.es, juanmitta@hotmail.com, Alexcband@hotmail.com y s961450110@hotmail.com&#8211; realizados en esta p\u00e1gina, porque reflejan lo que cualquier persona sensata con al menos dos dedos de frente percibe y piensa de inmediato al conocer esta noticia.<\/a><\/p>\n\n\n\n<p><a href=\"https:\/\/www.facebook.com\/hashtag\/recuperemosnuestropoderlegislativo?__eep__=6&amp;__cft__[0]=AZVXvEoK2vMDd8pizQZK1ey7CqL1ShrnOClExGYansVIzRrNtOC_1jhkZ1OduDpXVpA2tFrkmvsGx-yebLQnu6Ff4fYXyyeVg59Ei1fdMggkXXMqsI5EEui6CeYZ5SACgiQ&amp;__tn__=*NK-R\">#RecuperemosNuestroPoderLegislativo<\/a><\/p>\n\n\n<div class=\"wp-block-image\">\n<figure class=\"aligncenter size-large is-resized\"><img decoding=\"async\" src=\"https:\/\/www.agustinbarahona.com\/blog\/wp-content\/uploads\/EDL-466x638.png\" alt=\"\" class=\"wp-image-9231\" width=\"484\" srcset=\"https:\/\/www.agustinbarahona.com\/blog\/wp-content\/uploads\/EDL-466x638.png 466w, https:\/\/www.agustinbarahona.com\/blog\/wp-content\/uploads\/EDL-219x300.png 219w, https:\/\/www.agustinbarahona.com\/blog\/wp-content\/uploads\/EDL.png 595w\" sizes=\"(max-width: 466px) 100vw, 466px\" \/><\/figure>\n<\/div><\/div><\/div>\n","protected":false},"excerpt":{"rendered":"<p>\u00abMe pregunto qui\u00e9n evaluar\u00e1 a los evaluadores y a los evaluadores de los evaluadores y a los&#8230;. pues parece ser que el gobierno espa\u00f1ol quiere ahora cambiar el que los funcionarios (docentes o no de carreras musicales, pero tambi\u00e9n de \u00e9stas) s\u00f3lo sean despedibles si incumplen las normas. Aunque disculpen que me r\u00eda de esto, [&hellip;]<\/p>\n","protected":false},"author":1,"featured_media":0,"comment_status":"open","ping_status":"closed","sticky":false,"template":"","format":"standard","meta":{"_monsterinsights_skip_tracking":false,"_monsterinsights_sitenote_active":false,"_monsterinsights_sitenote_note":"","_monsterinsights_sitenote_category":0,"_jetpack_memberships_contains_paid_content":false,"footnotes":""},"categories":[9,16,8],"tags":[32,42,33],"class_list":["post-9221","post","type-post","status-publish","format-standard","hentry","category-escritos-en-facebook","category-humanismo","category-reflexiones","tag-justicia","tag-politica","tag-sistema"],"aioseo_notices":[],"jetpack_featured_media_url":"","jetpack_sharing_enabled":true,"_links":{"self":[{"href":"https:\/\/www.agustinbarahona.com\/blog\/wp-json\/wp\/v2\/posts\/9221","targetHints":{"allow":["GET"]}}],"collection":[{"href":"https:\/\/www.agustinbarahona.com\/blog\/wp-json\/wp\/v2\/posts"}],"about":[{"href":"https:\/\/www.agustinbarahona.com\/blog\/wp-json\/wp\/v2\/types\/post"}],"author":[{"embeddable":true,"href":"https:\/\/www.agustinbarahona.com\/blog\/wp-json\/wp\/v2\/users\/1"}],"replies":[{"embeddable":true,"href":"https:\/\/www.agustinbarahona.com\/blog\/wp-json\/wp\/v2\/comments?post=9221"}],"version-history":[{"count":5,"href":"https:\/\/www.agustinbarahona.com\/blog\/wp-json\/wp\/v2\/posts\/9221\/revisions"}],"predecessor-version":[{"id":9233,"href":"https:\/\/www.agustinbarahona.com\/blog\/wp-json\/wp\/v2\/posts\/9221\/revisions\/9233"}],"wp:attachment":[{"href":"https:\/\/www.agustinbarahona.com\/blog\/wp-json\/wp\/v2\/media?parent=9221"}],"wp:term":[{"taxonomy":"category","embeddable":true,"href":"https:\/\/www.agustinbarahona.com\/blog\/wp-json\/wp\/v2\/categories?post=9221"},{"taxonomy":"post_tag","embeddable":true,"href":"https:\/\/www.agustinbarahona.com\/blog\/wp-json\/wp\/v2\/tags?post=9221"}],"curies":[{"name":"wp","href":"https:\/\/api.w.org\/{rel}","templated":true}]}}