{"id":9615,"date":"2023-10-24T21:28:22","date_gmt":"2023-10-24T20:28:22","guid":{"rendered":"https:\/\/www.agustinbarahona.com\/blog\/?p=9615"},"modified":"2023-10-25T02:02:15","modified_gmt":"2023-10-25T01:02:15","slug":"heroicas-mujeres-del-mundo-por-que-no-sois-la-solucion-definitiva","status":"publish","type":"post","link":"https:\/\/www.agustinbarahona.com\/blog\/heroicas-mujeres-del-mundo-por-que-no-sois-la-solucion-definitiva\/","title":{"rendered":"HER\u00d3ICAS MUJERES DEL MUNDO: \u00bfPOR QU\u00c9 NO SOIS LA SOLUCI\u00d3N DEFINITIVA?"},"content":{"rendered":"<div class=\"wp-block-image\">\n<figure class=\"aligncenter size-large\"><img loading=\"lazy\" decoding=\"async\" width=\"466\" height=\"466\" src=\"https:\/\/www.agustinbarahona.com\/blog\/wp-content\/uploads\/image-138-466x466.png\" alt=\"\" class=\"wp-image-9616\" srcset=\"https:\/\/www.agustinbarahona.com\/blog\/wp-content\/uploads\/image-138-466x466.png 466w, https:\/\/www.agustinbarahona.com\/blog\/wp-content\/uploads\/image-138-300x300.png 300w, https:\/\/www.agustinbarahona.com\/blog\/wp-content\/uploads\/image-138-150x150.png 150w, https:\/\/www.agustinbarahona.com\/blog\/wp-content\/uploads\/image-138-768x768.png 768w, https:\/\/www.agustinbarahona.com\/blog\/wp-content\/uploads\/image-138.png 1024w\" sizes=\"auto, (max-width: 466px) 100vw, 466px\" \/><\/figure>\n<\/div>\n\n\n<p>#RecuperemosNuestroPoderLegislativo #RazonandoSeEntiendeLaGente #Comparte #Humanismo<\/p>\n\n\n\n<p>(Espa\u00f1ol)<\/p>\n\n\n\n<h1 class=\"wp-block-heading has-text-align-center has-text-color\" style=\"color:#406852\"><u>\u00bfPOR QU\u00c9 VOSOTRAS, MUJERES MUSULMANAS\/JUD\u00cdAS DEL MUNDO, NO OS REBEL\u00c1IS \u00c9PICA Y EFICIENTEMENTE PARA ACABAR CON TODA ESTA BARBARIE QUITANDO EL MANDO A LOS HOMBRES DE UNA BENDITA VEZ?<\/u><\/h1>\n\n\n\n<p>Siempre me he preguntado por qu\u00e9 las mujeres de reg\u00edmenes isl\u00e1micos\/judaicos no se <a href=\"https:\/\/dle.rae.es\/rebelar\" target=\"_blank\" rel=\"noopener\" title=\"\">rebelan<\/a> con toda la inteligencia que realmente poseen, que es much\u00edsima, para acabar con la parte que les toca de esas religiones <strong>y todas sus malignas y abominables consecuencias<\/strong>.<\/p>\n\n\n\n<p><\/p>\n\n\n\n<h2 class=\"wp-block-heading has-text-align-center has-medium-font-size\"><strong>\u00a1\u00a1\u00a1\u00a1\u00a1\u00a1\u00a1Sois la MITAD de la poblaci\u00f3n musulmana\/jud\u00eda!!!!!!!<\/strong><\/h2>\n\n\n\n<p><\/p>\n\n\n\n<p class=\"has-text-align-center\"><strong>\u00a1DESPERTAD!<\/strong> <strong>NADA, ABSOLUTAMENTE NADA, OS LO IMPIDE.<\/strong><\/p>\n\n\n\n<p><\/p>\n\n\n\n<p class=\"has-text-align-left\">\u00a1\u00a1\u00a1ADELANTE, MUJERES MUSULMANAS\/JUD\u00cdAS: TOMAD EL PODER RELIGIOSO Y POL\u00cdTICO EN VUESTROS PA\u00cdSES Y DEMOSTRAD VOSOTRAS CON HERO\u00cdSMO E INTELIGENCIA QUE ISLAM\/JUDA\u00cdSMO \u00abES UNA RELIGI\u00d3N DE PAZ\u00bb COMO VUESTRA PROPAGANDA QUIERE VENDER!!!<br \/><br \/><strong>\u00a1\u00a1\u00a1O SI NO ES VERDAD QUE SEA \u00abUNA RELIGI\u00d3N DE PAZ\u00bb ACABAD \u00c9PICA Y DEFINITIVAMENTE CON EL ISLAM\/JUDA\u00cdSMO Y TODA LA BARBARIE HIST\u00d3RICA E HIST\u00c9RICA QUE PRODUCE DESTROZANDO CON INFINITO DOLOR VIDAS Y FAMILIAS ENTERAS PARA SIEMPRE!!!<\/strong><\/p>\n\n\n\n<p><\/p>\n\n\n\n<h2 class=\"wp-block-heading has-text-align-center\"><strong>\u00a1\u00a1\u00a1ACABAD CON LO IRRACIONAL O LO IRRACIONAL OS DESTRUIR\u00c1 Y CON ELLO <\/strong><\/h2>\n\n\n\n<p><\/p>\n\n\n\n<h2 class=\"wp-block-heading has-text-align-center\"><strong>NOS DESTRUIR\u00c1 A TODOS!!!<\/strong><\/h2>\n\n\n\n<hr class=\"wp-block-separator has-alpha-channel-opacity\"\/>\n\n\n\n<hr class=\"wp-block-separator has-alpha-channel-opacity\"\/>\n\n\n\n<p><\/p>\n\n\n\n<p>(English)<\/p>\n\n\n\n<h1 class=\"wp-block-heading has-text-align-center has-text-color\" style=\"color:#406852\"><span style=\"text-decoration: underline;\">WHY DON&#8217;T YOU, MUSLIM\/JEWISH WOMEN OF THE WORLD, RISE UP HEROICALLY AND EFFECTIVELY TO PUT AN END TO ALL THIS BARBARISM BY TAKING CONTROL FROM MEN ONCE AND FOR ALL?<\/span><\/h1>\n\n\n\n<p><\/p>\n\n\n\n<p>I have always wondered why women in Islamic\/Judaic regimes do not <a href=\"https:\/\/www.oed.com\/search\/dictionary\/?scope=Entries&amp;q=rebel\" target=\"_blank\" rel=\"noopener\" title=\"\">rebel<\/a> with all the intelligence they really possess, which is a lot, to put an end to their share of those religions <strong>and all their evil and abominable consequences<\/strong>.<\/p>\n\n\n\n<p><\/p>\n\n\n\n<h2 class=\"wp-block-heading has-text-align-center has-medium-font-size\"><strong>You make up HALF of the Muslim\/Jewish population!!!<\/strong>!!!!<\/h2>\n\n\n\n<p><\/p>\n\n\n\n<p class=\"has-text-align-center\"><strong>WAKE UP! NOTHING, ABSOLUTELY NOTHING, IS STOPPING YOU.<\/strong><\/p>\n\n\n\n<p><\/p>\n\n\n\n<p>GO AHEAD, MUSLIM\/JEWISH WOMEN: SEIZE RELIGIOUS AND POLITICAL POWER IN YOUR COUNTRIES AND DEMONSTRATE, WITH HEROISM AND INTELLIGENCE, THAT ISLAM\/JUDAISM IS INDEED &#8216;A RELIGION OF PEACE,&#8217; JUST AS YOUR PROPAGANDA AIMS TO CONVEY!!!<\/p>\n\n\n\n<p><strong>AND IF IT ISN&#8217;T A &#8216;RELIGION OF PEACE,&#8217; THEN PUT AN EPIC AND DEFINITIVE END TO ISLAM\/JUDAISM AND ALL THE HISTORICAL AND HYSTERICAL BARBARISM IT GENERATES, WHICH INFLICTS ENDLESS PAIN AND SUFFERING ON LIVES AND ENTIRE FAMILIES FOREVER<\/strong>!!!<\/p>\n\n\n\n<p><\/p>\n\n\n\n<h2 class=\"wp-block-heading has-text-align-center\">PUT AN END TO THE IRRATIONAL, OR THE IRRATIONAL WILL DESTROY YOU AND, IN DOING SO, <\/h2>\n\n\n\n<p><\/p>\n\n\n\n<h2 class=\"wp-block-heading has-text-align-center\">WILL DESTROY US ALL!!!<\/h2>\n\n\n<div class=\"wp-block-image\">\n<figure class=\"aligncenter size-large\"><img loading=\"lazy\" decoding=\"async\" width=\"466\" height=\"466\" src=\"https:\/\/www.agustinbarahona.com\/blog\/wp-content\/uploads\/image-139-466x466.png\" alt=\"\" class=\"wp-image-9617\" srcset=\"https:\/\/www.agustinbarahona.com\/blog\/wp-content\/uploads\/image-139-466x466.png 466w, https:\/\/www.agustinbarahona.com\/blog\/wp-content\/uploads\/image-139-300x300.png 300w, https:\/\/www.agustinbarahona.com\/blog\/wp-content\/uploads\/image-139-150x150.png 150w, https:\/\/www.agustinbarahona.com\/blog\/wp-content\/uploads\/image-139-768x768.png 768w, https:\/\/www.agustinbarahona.com\/blog\/wp-content\/uploads\/image-139.png 1024w\" sizes=\"auto, (max-width: 466px) 100vw, 466px\" \/><\/figure>\n<\/div>\n\n\n<hr class=\"wp-block-separator has-alpha-channel-opacity\"\/>\n\n\n\n<hr class=\"wp-block-separator has-alpha-channel-opacity\"\/>\n\n\n\n<p><\/p>\n\n\n\n<p><strong><span style=\"text-decoration: underline;\">Tambi\u00e9n de inter\u00e9s<\/span><\/strong>:<\/p>\n\n\n\n<p><\/p>\n\n\n\n<p><a href=\"https:\/\/www.agustinbarahona.com\/blog\/cuantos-islames-hay\/\" target=\"_blank\" rel=\"noopener\" title=\"\"><strong>\u00bfCu\u00e1ntos islames hay?<\/strong><\/a><\/p>\n\n\n\n<p><strong><a href=\"https:\/\/www.agustinbarahona.com\/blog\/ciencias-sociales-el-clasico-problema-de-la-calidad-inmigratoria\/\" target=\"_blank\" rel=\"noopener\" title=\"\">CIENCIAS SOCIALES: EL CL\u00c1SICO PROBLEMA DE LA \u00abCALIDAD (IN)MIGRATORIA\u00bb<\/a><\/strong><\/p>\n","protected":false},"excerpt":{"rendered":"<p>#RecuperemosNuestroPoderLegislativo #RazonandoSeEntiendeLaGente #Comparte #Humanismo (Espa\u00f1ol) \u00bfPOR QU\u00c9 VOSOTRAS, MUJERES MUSULMANAS\/JUD\u00cdAS DEL MUNDO, NO OS REBEL\u00c1IS \u00c9PICA Y EFICIENTEMENTE PARA ACABAR CON TODA ESTA BARBARIE QUITANDO EL MANDO A LOS HOMBRES DE UNA BENDITA VEZ? Siempre me he preguntado por qu\u00e9 las mujeres de reg\u00edmenes isl\u00e1micos\/judaicos no se rebelan con toda la inteligencia que realmente poseen, [&hellip;]<\/p>\n","protected":false},"author":1,"featured_media":0,"comment_status":"open","ping_status":"closed","sticky":false,"template":"","format":"standard","meta":{"_monsterinsights_skip_tracking":false,"_monsterinsights_sitenote_active":false,"_monsterinsights_sitenote_note":"","_monsterinsights_sitenote_category":0,"_jetpack_memberships_contains_paid_content":false,"footnotes":""},"categories":[9,16,8],"tags":[18,65,43,32,42,21,33],"class_list":["post-9615","post","type-post","status-publish","format-standard","hentry","category-escritos-en-facebook","category-humanismo","category-reflexiones","tag-cultura","tag-educacion","tag-filosofia","tag-justicia","tag-politica","tag-sensibilidad","tag-sistema"],"aioseo_notices":[],"jetpack_featured_media_url":"","jetpack_sharing_enabled":true,"_links":{"self":[{"href":"https:\/\/www.agustinbarahona.com\/blog\/wp-json\/wp\/v2\/posts\/9615","targetHints":{"allow":["GET"]}}],"collection":[{"href":"https:\/\/www.agustinbarahona.com\/blog\/wp-json\/wp\/v2\/posts"}],"about":[{"href":"https:\/\/www.agustinbarahona.com\/blog\/wp-json\/wp\/v2\/types\/post"}],"author":[{"embeddable":true,"href":"https:\/\/www.agustinbarahona.com\/blog\/wp-json\/wp\/v2\/users\/1"}],"replies":[{"embeddable":true,"href":"https:\/\/www.agustinbarahona.com\/blog\/wp-json\/wp\/v2\/comments?post=9615"}],"version-history":[{"count":18,"href":"https:\/\/www.agustinbarahona.com\/blog\/wp-json\/wp\/v2\/posts\/9615\/revisions"}],"predecessor-version":[{"id":9636,"href":"https:\/\/www.agustinbarahona.com\/blog\/wp-json\/wp\/v2\/posts\/9615\/revisions\/9636"}],"wp:attachment":[{"href":"https:\/\/www.agustinbarahona.com\/blog\/wp-json\/wp\/v2\/media?parent=9615"}],"wp:term":[{"taxonomy":"category","embeddable":true,"href":"https:\/\/www.agustinbarahona.com\/blog\/wp-json\/wp\/v2\/categories?post=9615"},{"taxonomy":"post_tag","embeddable":true,"href":"https:\/\/www.agustinbarahona.com\/blog\/wp-json\/wp\/v2\/tags?post=9615"}],"curies":[{"name":"wp","href":"https:\/\/api.w.org\/{rel}","templated":true}]}}