{"id":9637,"date":"2023-10-29T00:20:42","date_gmt":"2023-10-28T23:20:42","guid":{"rendered":"https:\/\/www.agustinbarahona.com\/blog\/?p=9637"},"modified":"2023-10-29T00:20:44","modified_gmt":"2023-10-28T23:20:44","slug":"pedro-el-traidor","status":"publish","type":"post","link":"https:\/\/www.agustinbarahona.com\/blog\/pedro-el-traidor\/","title":{"rendered":"PEDRO \u00abEL TRAIDOR\u00bb"},"content":{"rendered":"\n<p>#RecuperemosNuestroPoderLegislativo #Comparte #<a href=\"https:\/\/dle.rae.es\/justicia\" target=\"_blank\" rel=\"noopener\" title=\"\">Justicia <\/a>#<a href=\"https:\/\/dle.rae.es\/filosof\u00eda\" target=\"_blank\" rel=\"noopener\" title=\"\">Filosof\u00eda<\/a><\/p>\n\n\n<div class=\"wp-block-image\">\n<figure class=\"aligncenter size-large\"><img loading=\"lazy\" decoding=\"async\" width=\"466\" height=\"297\" src=\"https:\/\/www.agustinbarahona.com\/blog\/wp-content\/uploads\/image-140-466x297.png\" alt=\"\" class=\"wp-image-9638\" srcset=\"https:\/\/www.agustinbarahona.com\/blog\/wp-content\/uploads\/image-140-466x297.png 466w, https:\/\/www.agustinbarahona.com\/blog\/wp-content\/uploads\/image-140-300x191.png 300w, https:\/\/www.agustinbarahona.com\/blog\/wp-content\/uploads\/image-140.png 669w\" sizes=\"auto, (max-width: 466px) 100vw, 466px\" \/><\/figure>\n<\/div>\n\n\n<hr class=\"wp-block-separator has-alpha-channel-opacity\"\/>\n\n\n\n<p><\/p>\n\n\n\n<p><strong><span style=\"text-decoration: underline;\">Otros temas de parecido inter\u00e9s:<\/span><\/strong><\/p>\n\n\n\n<p><strong><a href=\"https:\/\/www.agustinbarahona.com\/blog\/mintio-sanchez-tambien-en-esto\/\" target=\"_blank\" rel=\"noopener\" title=\"\">\u00bfMinti\u00f3 S\u00e1nchez tambi\u00e9n en esto?<\/a><\/strong><\/p>\n\n\n\n<p><strong><a href=\"https:\/\/www.agustinbarahona.com\/blog\/sanchez-no-robe-las-alabanzas-mundiales-para-agustin-barahona\/\" target=\"_blank\" rel=\"noopener\" title=\"\">S\u00e1nchez: no robe las alabanzas mundiales para Espa\u00f1a en la pandemia.<br \/>Son obviamente para el pueblo espa\u00f1ol, no para el gobierno.<\/a><\/strong><\/p>\n\n\n\n<p><strong><a href=\"https:\/\/www.agustinbarahona.com\/blog\/ayuso-debe-dimitir-como-sanchez-como-minimo\/\" target=\"_blank\" rel=\"noopener\" title=\"\">Ayuso debe dimitir, como S\u00e1nchez. \u00a1Como m\u00ednimo!<\/a><\/strong><\/p>\n\n\n\n<p><strong><a href=\"https:\/\/www.agustinbarahona.com\/blog\/traicion-a-las-clases-pasivas-agustin-barahona\/\" target=\"_blank\" rel=\"noopener\" title=\"\">Traici\u00f3n a las Clases Pasivas &#8211; Agustin Barahona<\/a><\/strong><\/p>\n\n\n\n<p><strong><a href=\"https:\/\/www.agustinbarahona.com\/blog\/la-traicion-del-psoe-a-sus-votantes\/\" target=\"_blank\" rel=\"noopener\" title=\"\">La TRAICI\u00d3N del PSOE a sus votantes<\/a><\/strong><\/p>\n","protected":false},"excerpt":{"rendered":"<p>#RecuperemosNuestroPoderLegislativo #Comparte #Justicia #Filosof\u00eda Otros temas de parecido inter\u00e9s: \u00bfMinti\u00f3 S\u00e1nchez tambi\u00e9n en esto? S\u00e1nchez: no robe las alabanzas mundiales para Espa\u00f1a en la pandemia.Son obviamente para el pueblo espa\u00f1ol, no para el gobierno. Ayuso debe dimitir, como S\u00e1nchez. \u00a1Como m\u00ednimo! Traici\u00f3n a las Clases Pasivas &#8211; Agustin Barahona La TRAICI\u00d3N del PSOE a sus [&hellip;]<\/p>\n","protected":false},"author":1,"featured_media":0,"comment_status":"open","ping_status":"closed","sticky":false,"template":"","format":"standard","meta":{"_monsterinsights_skip_tracking":false,"_monsterinsights_sitenote_active":false,"_monsterinsights_sitenote_note":"","_monsterinsights_sitenote_category":0,"_jetpack_memberships_contains_paid_content":false,"footnotes":""},"categories":[9,16,8],"tags":[43,32,42,33],"class_list":["post-9637","post","type-post","status-publish","format-standard","hentry","category-escritos-en-facebook","category-humanismo","category-reflexiones","tag-filosofia","tag-justicia","tag-politica","tag-sistema"],"aioseo_notices":[],"jetpack_featured_media_url":"","jetpack_sharing_enabled":true,"_links":{"self":[{"href":"https:\/\/www.agustinbarahona.com\/blog\/wp-json\/wp\/v2\/posts\/9637","targetHints":{"allow":["GET"]}}],"collection":[{"href":"https:\/\/www.agustinbarahona.com\/blog\/wp-json\/wp\/v2\/posts"}],"about":[{"href":"https:\/\/www.agustinbarahona.com\/blog\/wp-json\/wp\/v2\/types\/post"}],"author":[{"embeddable":true,"href":"https:\/\/www.agustinbarahona.com\/blog\/wp-json\/wp\/v2\/users\/1"}],"replies":[{"embeddable":true,"href":"https:\/\/www.agustinbarahona.com\/blog\/wp-json\/wp\/v2\/comments?post=9637"}],"version-history":[{"count":1,"href":"https:\/\/www.agustinbarahona.com\/blog\/wp-json\/wp\/v2\/posts\/9637\/revisions"}],"predecessor-version":[{"id":9640,"href":"https:\/\/www.agustinbarahona.com\/blog\/wp-json\/wp\/v2\/posts\/9637\/revisions\/9640"}],"wp:attachment":[{"href":"https:\/\/www.agustinbarahona.com\/blog\/wp-json\/wp\/v2\/media?parent=9637"}],"wp:term":[{"taxonomy":"category","embeddable":true,"href":"https:\/\/www.agustinbarahona.com\/blog\/wp-json\/wp\/v2\/categories?post=9637"},{"taxonomy":"post_tag","embeddable":true,"href":"https:\/\/www.agustinbarahona.com\/blog\/wp-json\/wp\/v2\/tags?post=9637"}],"curies":[{"name":"wp","href":"https:\/\/api.w.org\/{rel}","templated":true}]}}